{"id":222,"date":"2013-03-23T17:20:09","date_gmt":"2013-03-23T17:20:09","guid":{"rendered":"http:\/\/themenectar.com\/demo\/salient\/?p=110"},"modified":"2020-11-11T14:11:12","modified_gmt":"2020-11-11T14:11:12","slug":"convencao-ancia-2017","status":"publish","type":"post","link":"https:\/\/ediprinter.pt\/convencao-ancia-2017\/","title":{"rendered":"Conven\u00e7\u00e3o ANCIA 2017"},"content":{"rendered":"[vc_row type=&#8221;in_container&#8221; full_screen_row_position=&#8221;middle&#8221; scene_position=&#8221;center&#8221; text_color=&#8221;dark&#8221; text_align=&#8221;left&#8221; top_padding=&#8221;30&#8243; overlay_strength=&#8221;0.3&#8243; shape_divider_position=&#8221;bottom&#8221; shape_type=&#8221;&#8221;][vc_column column_padding=&#8221;no-extra-padding&#8221; column_padding_position=&#8221;all&#8221; background_color_opacity=&#8221;1&#8243; background_hover_color_opacity=&#8221;1&#8243; column_shadow=&#8221;none&#8221; column_border_radius=&#8221;none&#8221; width=&#8221;1\/1&#8243; tablet_text_alignment=&#8221;default&#8221; phone_text_alignment=&#8221;default&#8221; column_border_width=&#8221;none&#8221; column_border_style=&#8221;solid&#8221;][vc_column_text]<span class=\"nectar-dropcap\" >A<\/span> ANCIA \u2013 Associa\u00e7\u00e3o Nacional dos Centros de Inspec\u00e7\u00e3o Autom\u00f3vel \u2013 promoveu no passado dia 21 de Junho, em Lisboa, a conven\u00e7\u00e3o nacional do sector subordinada ao tema \u2018Inspe\u00e7\u00f5es t\u00e9cnicas\u00a0 &#8211; Responsabilidade na responsabilidade rodovi\u00e1ria \u2019.<\/p>\n<p>Esta conven\u00e7\u00e3o contou com o patroc\u00ednio da EDIPRINTER, que se fez representar por elementos do departamento t\u00e9cnico e comercial.<\/p>\n<p>Estiveram tamb\u00e9m presentes, Jorge Gomes (Secret\u00e1rio de Estado da Administra\u00e7\u00e3o Interna); Enrique Taracido (CITA); Paulo Areal \u2013 Presidente ANCIA; Lu\u00eds Rivas (AECA-ITV); Ant\u00f3nio Nunes \u2013 ANCIA;Jorge Jacob (Presidente da ANSR);Jo\u00e3o Carlos Redol Louren\u00e7o da Silva (Comandante da U. N. de Tr\u00e2nsito);Eduardo Feio (Presidente do Conselho Diretivo do IMT I.P.); Jo\u00e3o Queiroz (Presidente da Associa\u00e7\u00e3o Estrada Mais Segura); Virg\u00edlio Teixeira (Vogal da Comiss\u00e3o de \u00c9tica da ANCIA); Eduardo Lopes Rodrigues (Vice-Presidente do Conselho de Administra\u00e7\u00e3o da AMT); Guilherme W. d\u2019Oliveira Martins (Secret\u00e1rio de Estado das Infraestruturas).[\/vc_column_text][\/vc_column][\/vc_row][vc_row type=&#8221;in_container&#8221; full_screen_row_position=&#8221;middle&#8221; scene_position=&#8221;center&#8221; text_color=&#8221;dark&#8221; text_align=&#8221;left&#8221; overlay_strength=&#8221;0.3&#8243; shape_divider_position=&#8221;bottom&#8221;][vc_column column_padding=&#8221;no-extra-padding&#8221; column_padding_position=&#8221;all&#8221; background_color_opacity=&#8221;1&#8243; background_hover_color_opacity=&#8221;1&#8243; column_shadow=&#8221;none&#8221; column_border_radius=&#8221;none&#8221; width=&#8221;1\/1&#8243; tablet_text_alignment=&#8221;default&#8221; phone_text_alignment=&#8221;default&#8221; column_border_width=&#8221;none&#8221; column_border_style=&#8221;solid&#8221;][vc_gallery type=&#8221;flickity_style&#8221; images=&#8221;5830,5828,5829,5827&#8243; flickity_controls=&#8221;pagination&#8221; flickity_desktop_columns=&#8221;1&#8243; flickity_small_desktop_columns=&#8221;1&#8243; flickity_tablet_columns=&#8221;1&#8243; flickity_box_shadow=&#8221;none&#8221; onclick=&#8221;link_no&#8221;][\/vc_column][\/vc_row]\n","protected":false},"excerpt":{"rendered":"<p>[vc_row type=&#8221;in_container&#8221; full_screen_row_position=&#8221;middle&#8221; scene_position=&#8221;center&#8221; text_color=&#8221;dark&#8221; text_align=&#8221;left&#8221; top_padding=&#8221;30&#8243; overlay_strength=&#8221;0.3&#8243; shape_divider_position=&#8221;bottom&#8221; shape_type=&#8221;&#8221;][vc_column column_padding=&#8221;no-extra-padding&#8221; column_padding_position=&#8221;all&#8221; background_color_opacity=&#8221;1&#8243; background_hover_color_opacity=&#8221;1&#8243; column_shadow=&#8221;none&#8221;&#8230;<\/p>\n","protected":false},"author":1,"featured_media":5827,"comment_status":"closed","ping_status":"open","sticky":false,"template":"","format":"standard","meta":{"kt_blocks_editor_width":""},"categories":[26,32],"tags":[],"yoast_head":"<!-- This site is optimized with the Yoast SEO plugin v15.2.1 - https:\/\/yoast.com\/wordpress\/plugins\/seo\/ -->\n<title>Conven\u00e7\u00e3o ANCIA 2017 - Ediprinter<\/title>\n<meta name=\"robots\" content=\"index, follow, max-snippet:-1, max-image-preview:large, max-video-preview:-1\" \/>\n<link rel=\"canonical\" href=\"https:\/\/ediprinter.pt\/convencao-ancia-2017\/\" \/>\n<meta property=\"og:locale\" content=\"pt_PT\" \/>\n<meta property=\"og:type\" content=\"article\" \/>\n<meta property=\"og:title\" content=\"Conven\u00e7\u00e3o ANCIA 2017 - Ediprinter\" \/>\n<meta property=\"og:description\" content=\"[vc_row type=&#8221;in_container&#8221; full_screen_row_position=&#8221;middle&#8221; scene_position=&#8221;center&#8221; text_color=&#8221;dark&#8221; text_align=&#8221;left&#8221; top_padding=&#8221;30&#8243; overlay_strength=&#8221;0.3&#8243; shape_divider_position=&#8221;bottom&#8221; shape_type=&#8221;&#8221;][vc_column column_padding=&#8221;no-extra-padding&#8221; column_padding_position=&#8221;all&#8221; background_color_opacity=&#8221;1&#8243; background_hover_color_opacity=&#8221;1&#8243; column_shadow=&#8221;none&#8221;...\" \/>\n<meta property=\"og:url\" content=\"https:\/\/ediprinter.pt\/convencao-ancia-2017\/\" \/>\n<meta property=\"og:site_name\" content=\"Ediprinter\" \/>\n<meta property=\"article:publisher\" content=\"https:\/\/www.facebook.com\/ediprinter\/\" \/>\n<meta property=\"article:published_time\" content=\"2013-03-23T17:20:09+00:00\" \/>\n<meta property=\"article:modified_time\" content=\"2020-11-11T14:11:12+00:00\" \/>\n<meta property=\"og:image\" content=\"https:\/\/ediprinter.pt\/wp-content\/uploads\/2014\/07\/Convencao_Ancia.jpg\" \/>\n\t<meta property=\"og:image:width\" content=\"1200\" \/>\n\t<meta property=\"og:image:height\" content=\"800\" \/>\n<meta name=\"twitter:card\" content=\"summary_large_image\" \/>\n<meta name=\"twitter:label1\" content=\"Written by\">\n\t<meta name=\"twitter:data1\" content=\"ediprinter-ad\">\n\t<meta name=\"twitter:label2\" content=\"Est. reading time\">\n\t<meta name=\"twitter:data2\" content=\"1 minuto\">\n<script type=\"application\/ld+json\" class=\"yoast-schema-graph\">{\"@context\":\"https:\/\/schema.org\",\"@graph\":[{\"@type\":\"Organization\",\"@id\":\"https:\/\/ediprinter.pt\/#organization\",\"name\":\"Ediprinter - Software Development\",\"url\":\"https:\/\/ediprinter.pt\/\",\"sameAs\":[\"https:\/\/www.facebook.com\/ediprinter\/\",\"https:\/\/www.youtube.com\/channel\/UCF9Ob9_tT_O_DCHwo6dMgqQ\"],\"logo\":{\"@type\":\"ImageObject\",\"@id\":\"https:\/\/ediprinter.pt\/#logo\",\"inLanguage\":\"pt-PT\",\"url\":\"https:\/\/ediprinter.pt\/wp-content\/uploads\/2018\/02\/ediprinter_pb.svg\",\"caption\":\"Ediprinter - Software Development\"},\"image\":{\"@id\":\"https:\/\/ediprinter.pt\/#logo\"}},{\"@type\":\"WebSite\",\"@id\":\"https:\/\/ediprinter.pt\/#website\",\"url\":\"https:\/\/ediprinter.pt\/\",\"name\":\"Ediprinter\",\"description\":\"Software Development\",\"publisher\":{\"@id\":\"https:\/\/ediprinter.pt\/#organization\"},\"potentialAction\":[{\"@type\":\"SearchAction\",\"target\":\"https:\/\/ediprinter.pt\/?s={search_term_string}\",\"query-input\":\"required name=search_term_string\"}],\"inLanguage\":\"pt-PT\"},{\"@type\":\"ImageObject\",\"@id\":\"https:\/\/ediprinter.pt\/convencao-ancia-2017\/#primaryimage\",\"inLanguage\":\"pt-PT\",\"url\":\"https:\/\/ediprinter.pt\/wp-content\/uploads\/2014\/07\/Convencao_Ancia.jpg\",\"width\":1200,\"height\":800},{\"@type\":\"WebPage\",\"@id\":\"https:\/\/ediprinter.pt\/convencao-ancia-2017\/#webpage\",\"url\":\"https:\/\/ediprinter.pt\/convencao-ancia-2017\/\",\"name\":\"Conven\\u00e7\\u00e3o ANCIA 2017 - Ediprinter\",\"isPartOf\":{\"@id\":\"https:\/\/ediprinter.pt\/#website\"},\"primaryImageOfPage\":{\"@id\":\"https:\/\/ediprinter.pt\/convencao-ancia-2017\/#primaryimage\"},\"datePublished\":\"2013-03-23T17:20:09+00:00\",\"dateModified\":\"2020-11-11T14:11:12+00:00\",\"inLanguage\":\"pt-PT\",\"potentialAction\":[{\"@type\":\"ReadAction\",\"target\":[\"https:\/\/ediprinter.pt\/convencao-ancia-2017\/\"]}]},{\"@type\":\"Article\",\"@id\":\"https:\/\/ediprinter.pt\/convencao-ancia-2017\/#article\",\"isPartOf\":{\"@id\":\"https:\/\/ediprinter.pt\/convencao-ancia-2017\/#webpage\"},\"author\":{\"@id\":\"https:\/\/ediprinter.pt\/#\/schema\/person\/66a57e7774e0da01df7b4ab7a7c634fc\"},\"headline\":\"Conven\\u00e7\\u00e3o ANCIA 2017\",\"datePublished\":\"2013-03-23T17:20:09+00:00\",\"dateModified\":\"2020-11-11T14:11:12+00:00\",\"mainEntityOfPage\":{\"@id\":\"https:\/\/ediprinter.pt\/convencao-ancia-2017\/#webpage\"},\"publisher\":{\"@id\":\"https:\/\/ediprinter.pt\/#organization\"},\"image\":{\"@id\":\"https:\/\/ediprinter.pt\/convencao-ancia-2017\/#primaryimage\"},\"articleSection\":\"Destaques,Not\\u00edcias\",\"inLanguage\":\"pt-PT\"},{\"@type\":\"Person\",\"@id\":\"https:\/\/ediprinter.pt\/#\/schema\/person\/66a57e7774e0da01df7b4ab7a7c634fc\",\"name\":\"ediprinter-ad\",\"image\":{\"@type\":\"ImageObject\",\"@id\":\"https:\/\/ediprinter.pt\/#personlogo\",\"inLanguage\":\"pt-PT\",\"url\":\"https:\/\/secure.gravatar.com\/avatar\/495627798e48e1cbc79735aa9678f925?s=96&d=mm&r=g\",\"caption\":\"ediprinter-ad\"}}]}<\/script>\n<!-- \/ Yoast SEO plugin. -->","_links":{"self":[{"href":"https:\/\/ediprinter.pt\/api\/wp\/v2\/posts\/222"}],"collection":[{"href":"https:\/\/ediprinter.pt\/api\/wp\/v2\/posts"}],"about":[{"href":"https:\/\/ediprinter.pt\/api\/wp\/v2\/types\/post"}],"author":[{"embeddable":true,"href":"https:\/\/ediprinter.pt\/api\/wp\/v2\/users\/1"}],"replies":[{"embeddable":true,"href":"https:\/\/ediprinter.pt\/api\/wp\/v2\/comments?post=222"}],"version-history":[{"count":2,"href":"https:\/\/ediprinter.pt\/api\/wp\/v2\/posts\/222\/revisions"}],"predecessor-version":[{"id":7354,"href":"https:\/\/ediprinter.pt\/api\/wp\/v2\/posts\/222\/revisions\/7354"}],"wp:featuredmedia":[{"embeddable":true,"href":"https:\/\/ediprinter.pt\/api\/wp\/v2\/media\/5827"}],"wp:attachment":[{"href":"https:\/\/ediprinter.pt\/api\/wp\/v2\/media?parent=222"}],"wp:term":[{"taxonomy":"category","embeddable":true,"href":"https:\/\/ediprinter.pt\/api\/wp\/v2\/categories?post=222"},{"taxonomy":"post_tag","embeddable":true,"href":"https:\/\/ediprinter.pt\/api\/wp\/v2\/tags?post=222"}],"curies":[{"name":"wp","href":"https:\/\/api.w.org\/{rel}","templated":true}]}}