{"id":7430,"date":"2018-08-07T09:34:46","date_gmt":"2018-08-07T09:34:46","guid":{"rendered":"https:\/\/ediprinter.pt\/?p=7430"},"modified":"2020-11-11T14:11:12","modified_gmt":"2020-11-11T14:11:12","slug":"ediprinter-apoia-o-vcpge-pelo-quinto-ano-consecutivo","status":"publish","type":"post","link":"https:\/\/ediprinter.pt\/ediprinter-apoia-o-vcpge-pelo-quinto-ano-consecutivo\/","title":{"rendered":"Ediprinter apoia o VCPGE pelo quinto ano consecutivo"},"content":{"rendered":"[vc_row type=&#8221;in_container&#8221; full_screen_row_position=&#8221;middle&#8221; scene_position=&#8221;center&#8221; text_color=&#8221;dark&#8221; text_align=&#8221;left&#8221; top_padding=&#8221;30&#8243; overlay_strength=&#8221;0.3&#8243; shape_divider_position=&#8221;bottom&#8221; shape_type=&#8221;&#8221;][vc_column column_padding=&#8221;no-extra-padding&#8221; column_padding_position=&#8221;all&#8221; background_color_opacity=&#8221;1&#8243; background_hover_color_opacity=&#8221;1&#8243; column_shadow=&#8221;none&#8221; column_border_radius=&#8221;none&#8221; width=&#8221;1\/1&#8243; tablet_text_alignment=&#8221;default&#8221; phone_text_alignment=&#8221;default&#8221; column_border_width=&#8221;none&#8221; column_border_style=&#8221;solid&#8221;][vc_column_text]A Ediprinter volta a colaborar com a VCPGE, patrocinando a mochila que a organiza\u00e7\u00e3o oferece no kit de participante.<\/p>\n<p>&#8220;VCPGE &#8211; VILA DO CONDE PENEDA-GER\u00caS EXTREME<\/p>\n<div class=\"entry-content\">\n<p>\u00a0\u201c<em>Desafia os teus limites<\/em>\u201d \u00e9 o lema do VCPGE. Organiza\u00e7\u00e3o e participantes partilham este sentimento de aceitarem e enfrentarem os desafios que nos levam para al\u00e9m daquilo que pensamos sermos capazes de alcan\u00e7ar.<\/p>\n<p>Em 2018 vamos festejar a realiza\u00e7\u00e3o da quinta edi\u00e7\u00e3o do VCPGE com algumas novidades em rela\u00e7\u00e3o \u00e0s edi\u00e7\u00f5es anteriores. Na primeira etapa vamos at\u00e9 Arcos de Valdevez e por l\u00e1 vamos ficar para a segunda etapa e in\u00edcio da terceira etapa que nos traz de volta a Vila do Conde.&#8221;<\/p>\n<p><em>in viladocondegeresextreme.pt<\/em><\/p>\n<\/div>\n[\/vc_column_text][\/vc_column][\/vc_row]\n","protected":false},"excerpt":{"rendered":"<p>[vc_row type=&#8221;in_container&#8221; full_screen_row_position=&#8221;middle&#8221; scene_position=&#8221;center&#8221; text_color=&#8221;dark&#8221; text_align=&#8221;left&#8221; top_padding=&#8221;30&#8243; overlay_strength=&#8221;0.3&#8243; shape_divider_position=&#8221;bottom&#8221; shape_type=&#8221;&#8221;][vc_column column_padding=&#8221;no-extra-padding&#8221; column_padding_position=&#8221;all&#8221; background_color_opacity=&#8221;1&#8243; background_hover_color_opacity=&#8221;1&#8243; column_shadow=&#8221;none&#8221;&#8230;<\/p>\n","protected":false},"author":2,"featured_media":7431,"comment_status":"closed","ping_status":"open","sticky":false,"template":"","format":"standard","meta":{"kt_blocks_editor_width":""},"categories":[26,32],"tags":[],"yoast_head":"<!-- This site is optimized with the Yoast SEO plugin v15.2.1 - https:\/\/yoast.com\/wordpress\/plugins\/seo\/ -->\n<title>Ediprinter apoia o VCPGE pelo quinto ano consecutivo - Ediprinter<\/title>\n<meta name=\"description\" content=\"Renovamos a nossa presen\u00e7a online com o lan\u00e7amento de um novo website, que apresenta um conjunto de funcionalidades pensadas para aumentar a interatividade e a proximidade com os nossos clientes, fornecedores e visitantes.\" \/>\n<meta name=\"robots\" content=\"index, follow, max-snippet:-1, max-image-preview:large, max-video-preview:-1\" \/>\n<link rel=\"canonical\" href=\"https:\/\/ediprinter.pt\/ediprinter-apoia-o-vcpge-pelo-quinto-ano-consecutivo\/\" \/>\n<meta property=\"og:locale\" content=\"pt_PT\" \/>\n<meta property=\"og:type\" content=\"article\" \/>\n<meta property=\"og:title\" content=\"Ediprinter apoia o VCPGE pelo quinto ano consecutivo\" \/>\n<meta property=\"og:description\" content=\"A Ediprinter volta a colaborar com a VCPGE, patrocinando a mochila que a organiza\u00e7\u00e3o oferece no kit de participante.\" \/>\n<meta property=\"og:url\" content=\"https:\/\/ediprinter.pt\/ediprinter-apoia-o-vcpge-pelo-quinto-ano-consecutivo\/\" \/>\n<meta property=\"og:site_name\" content=\"Ediprinter\" \/>\n<meta property=\"article:publisher\" content=\"https:\/\/www.facebook.com\/ediprinter\/\" \/>\n<meta property=\"article:published_time\" content=\"2018-08-07T09:34:46+00:00\" \/>\n<meta property=\"article:modified_time\" content=\"2020-11-11T14:11:12+00:00\" \/>\n<meta property=\"og:image\" content=\"https:\/\/ediprinter.pt\/wp-content\/uploads\/2018\/08\/Ediprinter_patrocinio_noticia_site-e1533634441406.jpg\" \/>\n\t<meta property=\"og:image:width\" content=\"960\" \/>\n\t<meta property=\"og:image:height\" content=\"640\" \/>\n<meta name=\"twitter:card\" content=\"summary_large_image\" \/>\n<meta name=\"twitter:label1\" content=\"Written by\">\n\t<meta name=\"twitter:data1\" content=\"Ediprinter\">\n\t<meta name=\"twitter:label2\" content=\"Est. reading time\">\n\t<meta name=\"twitter:data2\" content=\"1 minuto\">\n<script type=\"application\/ld+json\" class=\"yoast-schema-graph\">{\"@context\":\"https:\/\/schema.org\",\"@graph\":[{\"@type\":\"Organization\",\"@id\":\"https:\/\/ediprinter.pt\/#organization\",\"name\":\"Ediprinter - Software Development\",\"url\":\"https:\/\/ediprinter.pt\/\",\"sameAs\":[\"https:\/\/www.facebook.com\/ediprinter\/\",\"https:\/\/www.youtube.com\/channel\/UCF9Ob9_tT_O_DCHwo6dMgqQ\"],\"logo\":{\"@type\":\"ImageObject\",\"@id\":\"https:\/\/ediprinter.pt\/#logo\",\"inLanguage\":\"pt-PT\",\"url\":\"https:\/\/ediprinter.pt\/wp-content\/uploads\/2018\/02\/ediprinter_pb.svg\",\"caption\":\"Ediprinter - Software Development\"},\"image\":{\"@id\":\"https:\/\/ediprinter.pt\/#logo\"}},{\"@type\":\"WebSite\",\"@id\":\"https:\/\/ediprinter.pt\/#website\",\"url\":\"https:\/\/ediprinter.pt\/\",\"name\":\"Ediprinter\",\"description\":\"Software Development\",\"publisher\":{\"@id\":\"https:\/\/ediprinter.pt\/#organization\"},\"potentialAction\":[{\"@type\":\"SearchAction\",\"target\":\"https:\/\/ediprinter.pt\/?s={search_term_string}\",\"query-input\":\"required name=search_term_string\"}],\"inLanguage\":\"pt-PT\"},{\"@type\":\"ImageObject\",\"@id\":\"https:\/\/ediprinter.pt\/ediprinter-apoia-o-vcpge-pelo-quinto-ano-consecutivo\/#primaryimage\",\"inLanguage\":\"pt-PT\",\"url\":\"https:\/\/ediprinter.pt\/wp-content\/uploads\/2018\/08\/Ediprinter_patrocinio_noticia_site-e1533634441406.jpg\",\"width\":960,\"height\":640},{\"@type\":\"WebPage\",\"@id\":\"https:\/\/ediprinter.pt\/ediprinter-apoia-o-vcpge-pelo-quinto-ano-consecutivo\/#webpage\",\"url\":\"https:\/\/ediprinter.pt\/ediprinter-apoia-o-vcpge-pelo-quinto-ano-consecutivo\/\",\"name\":\"Ediprinter apoia o VCPGE pelo quinto ano consecutivo - Ediprinter\",\"isPartOf\":{\"@id\":\"https:\/\/ediprinter.pt\/#website\"},\"primaryImageOfPage\":{\"@id\":\"https:\/\/ediprinter.pt\/ediprinter-apoia-o-vcpge-pelo-quinto-ano-consecutivo\/#primaryimage\"},\"datePublished\":\"2018-08-07T09:34:46+00:00\",\"dateModified\":\"2020-11-11T14:11:12+00:00\",\"description\":\"Renovamos a nossa presen\\u00e7a online com o lan\\u00e7amento de um novo website, que apresenta um conjunto de funcionalidades pensadas para aumentar a interatividade e a proximidade com os nossos clientes, fornecedores e visitantes.\",\"inLanguage\":\"pt-PT\",\"potentialAction\":[{\"@type\":\"ReadAction\",\"target\":[\"https:\/\/ediprinter.pt\/ediprinter-apoia-o-vcpge-pelo-quinto-ano-consecutivo\/\"]}]},{\"@type\":\"Article\",\"@id\":\"https:\/\/ediprinter.pt\/ediprinter-apoia-o-vcpge-pelo-quinto-ano-consecutivo\/#article\",\"isPartOf\":{\"@id\":\"https:\/\/ediprinter.pt\/ediprinter-apoia-o-vcpge-pelo-quinto-ano-consecutivo\/#webpage\"},\"author\":{\"@id\":\"https:\/\/ediprinter.pt\/#\/schema\/person\/bd1d67586fb61a5b5ce21bfdb4c35e6a\"},\"headline\":\"Ediprinter apoia o VCPGE pelo quinto ano consecutivo\",\"datePublished\":\"2018-08-07T09:34:46+00:00\",\"dateModified\":\"2020-11-11T14:11:12+00:00\",\"mainEntityOfPage\":{\"@id\":\"https:\/\/ediprinter.pt\/ediprinter-apoia-o-vcpge-pelo-quinto-ano-consecutivo\/#webpage\"},\"publisher\":{\"@id\":\"https:\/\/ediprinter.pt\/#organization\"},\"image\":{\"@id\":\"https:\/\/ediprinter.pt\/ediprinter-apoia-o-vcpge-pelo-quinto-ano-consecutivo\/#primaryimage\"},\"articleSection\":\"Destaques,Not\\u00edcias\",\"inLanguage\":\"pt-PT\"},{\"@type\":\"Person\",\"@id\":\"https:\/\/ediprinter.pt\/#\/schema\/person\/bd1d67586fb61a5b5ce21bfdb4c35e6a\",\"name\":\"Ediprinter\",\"image\":{\"@type\":\"ImageObject\",\"@id\":\"https:\/\/ediprinter.pt\/#personlogo\",\"inLanguage\":\"pt-PT\",\"url\":\"https:\/\/secure.gravatar.com\/avatar\/83d9fff195185d64bda194f080b0c214?s=96&d=mm&r=g\",\"caption\":\"Ediprinter\"}}]}<\/script>\n<!-- \/ Yoast SEO plugin. -->","_links":{"self":[{"href":"https:\/\/ediprinter.pt\/api\/wp\/v2\/posts\/7430"}],"collection":[{"href":"https:\/\/ediprinter.pt\/api\/wp\/v2\/posts"}],"about":[{"href":"https:\/\/ediprinter.pt\/api\/wp\/v2\/types\/post"}],"author":[{"embeddable":true,"href":"https:\/\/ediprinter.pt\/api\/wp\/v2\/users\/2"}],"replies":[{"embeddable":true,"href":"https:\/\/ediprinter.pt\/api\/wp\/v2\/comments?post=7430"}],"version-history":[{"count":4,"href":"https:\/\/ediprinter.pt\/api\/wp\/v2\/posts\/7430\/revisions"}],"predecessor-version":[{"id":7436,"href":"https:\/\/ediprinter.pt\/api\/wp\/v2\/posts\/7430\/revisions\/7436"}],"wp:featuredmedia":[{"embeddable":true,"href":"https:\/\/ediprinter.pt\/api\/wp\/v2\/media\/7431"}],"wp:attachment":[{"href":"https:\/\/ediprinter.pt\/api\/wp\/v2\/media?parent=7430"}],"wp:term":[{"taxonomy":"category","embeddable":true,"href":"https:\/\/ediprinter.pt\/api\/wp\/v2\/categories?post=7430"},{"taxonomy":"post_tag","embeddable":true,"href":"https:\/\/ediprinter.pt\/api\/wp\/v2\/tags?post=7430"}],"curies":[{"name":"wp","href":"https:\/\/api.w.org\/{rel}","templated":true}]}}