{"id":7439,"date":"2018-10-09T17:03:52","date_gmt":"2018-10-09T17:03:52","guid":{"rendered":"https:\/\/ediprinter.pt\/?p=7439"},"modified":"2020-11-11T14:11:12","modified_gmt":"2020-11-11T14:11:12","slug":"28-o-aniversario-da-ediprinter","status":"publish","type":"post","link":"https:\/\/ediprinter.pt\/28-o-aniversario-da-ediprinter\/","title":{"rendered":"28.\u00ba Anivers\u00e1rio da EDIPRINTER"},"content":{"rendered":"[vc_row type=&#8221;in_container&#8221; full_screen_row_position=&#8221;middle&#8221; scene_position=&#8221;center&#8221; text_color=&#8221;dark&#8221; text_align=&#8221;left&#8221; top_padding=&#8221;30&#8243; overlay_strength=&#8221;0.3&#8243; shape_divider_position=&#8221;bottom&#8221; shape_type=&#8221;&#8221;][vc_column column_padding=&#8221;no-extra-padding&#8221; column_padding_position=&#8221;all&#8221; background_color_opacity=&#8221;1&#8243; background_hover_color_opacity=&#8221;1&#8243; column_shadow=&#8221;none&#8221; column_border_radius=&#8221;none&#8221; width=&#8221;1\/1&#8243; tablet_text_alignment=&#8221;default&#8221; phone_text_alignment=&#8221;default&#8221; column_border_width=&#8221;none&#8221; column_border_style=&#8221;solid&#8221;][vc_column_text]Hoje a EDIPRINTER celebra mais um anivers\u00e1rio e todos n\u00f3s comemoramos este dia especial, pois a nossa empresa \u00e9 o motivo pelo qual, todos diariamente nos reunimos.<\/p>\n<p>Este dia representa mais um ano de muito trabalho, dedica\u00e7\u00e3o, realiza\u00e7\u00f5es profissionais e pessoais.<\/p>\n<p>Comemoramos e reconhecemos a dedica\u00e7\u00e3o de toda a equipa, que trabalha com entusiasmo por um bem maior, o cliente.<\/p>\n<p>Este 28\u00ba anivers\u00e1rio representa orgulho, matura\u00e7\u00e3o, mas tamb\u00e9m vitalidade. Vitalidade essa, expressa no simbolismo do grafismo do \u201cbolo de anivers\u00e1rio\u201d, que evidencia a proje\u00e7\u00e3o no \u201cterreno\u201d de uma nova aplica\u00e7\u00e3o inform\u00e1tica, desenvolvida em ambiente Web.<\/p>\n<p>Parab\u00e9ns \u00e0 EDIPRINTER e a toda a sua equipa![\/vc_column_text][\/vc_column][\/vc_row]\n","protected":false},"excerpt":{"rendered":"<p>[vc_row type=&#8221;in_container&#8221; full_screen_row_position=&#8221;middle&#8221; scene_position=&#8221;center&#8221; text_color=&#8221;dark&#8221; text_align=&#8221;left&#8221; top_padding=&#8221;30&#8243; overlay_strength=&#8221;0.3&#8243; shape_divider_position=&#8221;bottom&#8221; shape_type=&#8221;&#8221;][vc_column column_padding=&#8221;no-extra-padding&#8221; column_padding_position=&#8221;all&#8221; background_color_opacity=&#8221;1&#8243; background_hover_color_opacity=&#8221;1&#8243; column_shadow=&#8221;none&#8221;&#8230;<\/p>\n","protected":false},"author":2,"featured_media":7441,"comment_status":"closed","ping_status":"open","sticky":false,"template":"","format":"standard","meta":{"kt_blocks_editor_width":""},"categories":[26,32],"tags":[],"yoast_head":"<!-- This site is optimized with the Yoast SEO plugin v15.2.1 - https:\/\/yoast.com\/wordpress\/plugins\/seo\/ -->\n<title>28.\u00ba Anivers\u00e1rio da EDIPRINTER - Ediprinter<\/title>\n<meta name=\"description\" content=\"Hoje a EDIPRINTER celebra mais um anivers\u00e1rio e todos n\u00f3s comemoramos este dia especial, pois a nossa empresa \u00e9 o motivo pelo qual, todos diariamente nos reunimos.\" \/>\n<meta name=\"robots\" content=\"index, follow, max-snippet:-1, max-image-preview:large, max-video-preview:-1\" \/>\n<link rel=\"canonical\" href=\"https:\/\/ediprinter.pt\/28-o-aniversario-da-ediprinter\/\" \/>\n<meta property=\"og:locale\" content=\"pt_PT\" \/>\n<meta property=\"og:type\" content=\"article\" \/>\n<meta property=\"og:title\" content=\"28\u00ba Anivers\u00e1rio da Ediprinter\" \/>\n<meta property=\"og:description\" content=\"Hoje a EDIPRINTER celebra mais um anivers\u00e1rio e todos n\u00f3s comemoramos este dia especial, pois a nossa empresa \u00e9 o motivo pelo qual, todos diariamente nos reunimos.\" \/>\n<meta property=\"og:url\" content=\"https:\/\/ediprinter.pt\/28-o-aniversario-da-ediprinter\/\" \/>\n<meta property=\"og:site_name\" content=\"Ediprinter\" \/>\n<meta property=\"article:publisher\" content=\"https:\/\/www.facebook.com\/ediprinter\/\" \/>\n<meta property=\"article:published_time\" content=\"2018-10-09T17:03:52+00:00\" \/>\n<meta property=\"article:modified_time\" content=\"2020-11-11T14:11:12+00:00\" \/>\n<meta property=\"og:image\" content=\"https:\/\/ediprinter.pt\/wp-content\/uploads\/2018\/10\/2.jpg\" \/>\n\t<meta property=\"og:image:width\" content=\"1632\" \/>\n\t<meta property=\"og:image:height\" content=\"1224\" \/>\n<meta name=\"twitter:card\" content=\"summary_large_image\" \/>\n<meta name=\"twitter:label1\" content=\"Written by\">\n\t<meta name=\"twitter:data1\" content=\"Ediprinter\">\n\t<meta name=\"twitter:label2\" content=\"Est. reading time\">\n\t<meta name=\"twitter:data2\" content=\"1 minuto\">\n<script type=\"application\/ld+json\" class=\"yoast-schema-graph\">{\"@context\":\"https:\/\/schema.org\",\"@graph\":[{\"@type\":\"Organization\",\"@id\":\"https:\/\/ediprinter.pt\/#organization\",\"name\":\"Ediprinter - Software Development\",\"url\":\"https:\/\/ediprinter.pt\/\",\"sameAs\":[\"https:\/\/www.facebook.com\/ediprinter\/\",\"https:\/\/www.youtube.com\/channel\/UCF9Ob9_tT_O_DCHwo6dMgqQ\"],\"logo\":{\"@type\":\"ImageObject\",\"@id\":\"https:\/\/ediprinter.pt\/#logo\",\"inLanguage\":\"pt-PT\",\"url\":\"https:\/\/ediprinter.pt\/wp-content\/uploads\/2018\/02\/ediprinter_pb.svg\",\"caption\":\"Ediprinter - Software Development\"},\"image\":{\"@id\":\"https:\/\/ediprinter.pt\/#logo\"}},{\"@type\":\"WebSite\",\"@id\":\"https:\/\/ediprinter.pt\/#website\",\"url\":\"https:\/\/ediprinter.pt\/\",\"name\":\"Ediprinter\",\"description\":\"Software Development\",\"publisher\":{\"@id\":\"https:\/\/ediprinter.pt\/#organization\"},\"potentialAction\":[{\"@type\":\"SearchAction\",\"target\":\"https:\/\/ediprinter.pt\/?s={search_term_string}\",\"query-input\":\"required name=search_term_string\"}],\"inLanguage\":\"pt-PT\"},{\"@type\":\"ImageObject\",\"@id\":\"https:\/\/ediprinter.pt\/28-o-aniversario-da-ediprinter\/#primaryimage\",\"inLanguage\":\"pt-PT\",\"url\":\"https:\/\/ediprinter.pt\/wp-content\/uploads\/2018\/10\/2.jpg\",\"width\":1632,\"height\":1224},{\"@type\":\"WebPage\",\"@id\":\"https:\/\/ediprinter.pt\/28-o-aniversario-da-ediprinter\/#webpage\",\"url\":\"https:\/\/ediprinter.pt\/28-o-aniversario-da-ediprinter\/\",\"name\":\"28.\\u00ba Anivers\\u00e1rio da EDIPRINTER - Ediprinter\",\"isPartOf\":{\"@id\":\"https:\/\/ediprinter.pt\/#website\"},\"primaryImageOfPage\":{\"@id\":\"https:\/\/ediprinter.pt\/28-o-aniversario-da-ediprinter\/#primaryimage\"},\"datePublished\":\"2018-10-09T17:03:52+00:00\",\"dateModified\":\"2020-11-11T14:11:12+00:00\",\"description\":\"Hoje a EDIPRINTER celebra mais um anivers\\u00e1rio e todos n\\u00f3s comemoramos este dia especial, pois a nossa empresa \\u00e9 o motivo pelo qual, todos diariamente nos reunimos.\",\"inLanguage\":\"pt-PT\",\"potentialAction\":[{\"@type\":\"ReadAction\",\"target\":[\"https:\/\/ediprinter.pt\/28-o-aniversario-da-ediprinter\/\"]}]},{\"@type\":\"Article\",\"@id\":\"https:\/\/ediprinter.pt\/28-o-aniversario-da-ediprinter\/#article\",\"isPartOf\":{\"@id\":\"https:\/\/ediprinter.pt\/28-o-aniversario-da-ediprinter\/#webpage\"},\"author\":{\"@id\":\"https:\/\/ediprinter.pt\/#\/schema\/person\/bd1d67586fb61a5b5ce21bfdb4c35e6a\"},\"headline\":\"28.\\u00ba Anivers\\u00e1rio da EDIPRINTER\",\"datePublished\":\"2018-10-09T17:03:52+00:00\",\"dateModified\":\"2020-11-11T14:11:12+00:00\",\"mainEntityOfPage\":{\"@id\":\"https:\/\/ediprinter.pt\/28-o-aniversario-da-ediprinter\/#webpage\"},\"publisher\":{\"@id\":\"https:\/\/ediprinter.pt\/#organization\"},\"image\":{\"@id\":\"https:\/\/ediprinter.pt\/28-o-aniversario-da-ediprinter\/#primaryimage\"},\"articleSection\":\"Destaques,Not\\u00edcias\",\"inLanguage\":\"pt-PT\"},{\"@type\":\"Person\",\"@id\":\"https:\/\/ediprinter.pt\/#\/schema\/person\/bd1d67586fb61a5b5ce21bfdb4c35e6a\",\"name\":\"Ediprinter\",\"image\":{\"@type\":\"ImageObject\",\"@id\":\"https:\/\/ediprinter.pt\/#personlogo\",\"inLanguage\":\"pt-PT\",\"url\":\"https:\/\/secure.gravatar.com\/avatar\/83d9fff195185d64bda194f080b0c214?s=96&d=mm&r=g\",\"caption\":\"Ediprinter\"}}]}<\/script>\n<!-- \/ Yoast SEO plugin. -->","_links":{"self":[{"href":"https:\/\/ediprinter.pt\/api\/wp\/v2\/posts\/7439"}],"collection":[{"href":"https:\/\/ediprinter.pt\/api\/wp\/v2\/posts"}],"about":[{"href":"https:\/\/ediprinter.pt\/api\/wp\/v2\/types\/post"}],"author":[{"embeddable":true,"href":"https:\/\/ediprinter.pt\/api\/wp\/v2\/users\/2"}],"replies":[{"embeddable":true,"href":"https:\/\/ediprinter.pt\/api\/wp\/v2\/comments?post=7439"}],"version-history":[{"count":1,"href":"https:\/\/ediprinter.pt\/api\/wp\/v2\/posts\/7439\/revisions"}],"predecessor-version":[{"id":7443,"href":"https:\/\/ediprinter.pt\/api\/wp\/v2\/posts\/7439\/revisions\/7443"}],"wp:featuredmedia":[{"embeddable":true,"href":"https:\/\/ediprinter.pt\/api\/wp\/v2\/media\/7441"}],"wp:attachment":[{"href":"https:\/\/ediprinter.pt\/api\/wp\/v2\/media?parent=7439"}],"wp:term":[{"taxonomy":"category","embeddable":true,"href":"https:\/\/ediprinter.pt\/api\/wp\/v2\/categories?post=7439"},{"taxonomy":"post_tag","embeddable":true,"href":"https:\/\/ediprinter.pt\/api\/wp\/v2\/tags?post=7439"}],"curies":[{"name":"wp","href":"https:\/\/api.w.org\/{rel}","templated":true}]}}