{"id":7574,"date":"2019-12-03T17:20:25","date_gmt":"2019-12-03T17:20:25","guid":{"rendered":"https:\/\/ediprinter.pt\/?p=7574"},"modified":"2020-11-11T14:11:12","modified_gmt":"2020-11-11T14:11:12","slug":"25o-aniversario-da-cilneves","status":"publish","type":"post","link":"https:\/\/ediprinter.pt\/25o-aniversario-da-cilneves\/","title":{"rendered":"25\u00ba Anivers\u00e1rio da CILNEVES"},"content":{"rendered":"[vc_row type=&#8221;in_container&#8221; full_screen_row_position=&#8221;middle&#8221; scene_position=&#8221;center&#8221; text_color=&#8221;dark&#8221; text_align=&#8221;left&#8221; top_padding=&#8221;30&#8243; overlay_strength=&#8221;0.3&#8243; shape_divider_position=&#8221;bottom&#8221; shape_type=&#8221;&#8221;][vc_column column_padding=&#8221;no-extra-padding&#8221; column_padding_position=&#8221;all&#8221; background_color_opacity=&#8221;1&#8243; background_hover_color_opacity=&#8221;1&#8243; column_shadow=&#8221;none&#8221; column_border_radius=&#8221;none&#8221; width=&#8221;1\/1&#8243; tablet_text_alignment=&#8221;default&#8221; phone_text_alignment=&#8221;default&#8221; column_border_width=&#8221;none&#8221; column_border_style=&#8221;solid&#8221;][vc_column_text]\n<p>Foi com muito gosto e gratid\u00e3o que a Ediprinter testemunhou mais um anivers\u00e1rio do seu cliente e parceiro CILNEVES, Lda.<\/p>\n<p>No passado dia 22 de Novembro, comemoramos o 25\u00ba anivers\u00e1rio, do nosso cliente h\u00e1 mais de duas d\u00e9cadas, nas suas instala\u00e7\u00f5es com a presen\u00e7a do Ant\u00f3nio Castro e do Miguel Carvalho em representa\u00e7\u00e3o da Ediprinter, juntamente com toda a equipa da CILNEVES, amigos e demais parceiros.<\/p>\n<p>Que os anos seguintes sejam de grande sucesso! Como sempre, a Ediprinter de tudo far\u00e1 para que este sucesso seja prof\u00edcuo.<\/p>\n<p>PARAB\u00c9NS![\/vc_column_text][\/vc_column][\/vc_row]\n","protected":false},"excerpt":{"rendered":"<p>[vc_row type=&#8221;in_container&#8221; full_screen_row_position=&#8221;middle&#8221; scene_position=&#8221;center&#8221; text_color=&#8221;dark&#8221; text_align=&#8221;left&#8221; top_padding=&#8221;30&#8243; overlay_strength=&#8221;0.3&#8243; shape_divider_position=&#8221;bottom&#8221; shape_type=&#8221;&#8221;][vc_column column_padding=&#8221;no-extra-padding&#8221; column_padding_position=&#8221;all&#8221; background_color_opacity=&#8221;1&#8243; background_hover_color_opacity=&#8221;1&#8243; column_shadow=&#8221;none&#8221;&#8230;<\/p>\n","protected":false},"author":2,"featured_media":7577,"comment_status":"closed","ping_status":"open","sticky":false,"template":"","format":"standard","meta":{"kt_blocks_editor_width":""},"categories":[26,32],"tags":[],"yoast_head":"<!-- This site is optimized with the Yoast SEO plugin v15.2.1 - https:\/\/yoast.com\/wordpress\/plugins\/seo\/ -->\n<title>25\u00ba Anivers\u00e1rio da CILNEVES - Ediprinter<\/title>\n<meta name=\"description\" content=\"NESTE DIA V\u00c1RIOS ACONTECIMENTO HISTORICOS tiveram lugar:Em 1962 foi proclamado o dia da Independ\u00eancia do Uganda\u2026Em 1989, em Leipzig, Alemanha Oriental, 70 000 protestantes exigem a legaliza\u00e7\u00e3o de grupos de oposi\u00e7\u00e3o e reformas democr\u00e1ticas, para muitos o Muro de Berlim come\u00e7ou a cair neste dia\u2026Em 1940 nasce John Lennon, m\u00fasico brit\u00e2nico\u2026Em 2006, A Coreia do Norte realiza seu primeiro teste nuclear e o YouTube \u00e9 comprado pelo Google\u2026-Em 1990 \u2013 Nasce a EDIPRINTER\u2026 PARAB\u00c9NS!PARAB\u00c9NS A TODOS! A todos os colaboradores, Clientes, parceiros, fornecedores\u2026 a todos aqueles que durante estes 29 anos fizeram parte desta Equipa!\" \/>\n<meta name=\"robots\" content=\"index, follow, max-snippet:-1, max-image-preview:large, max-video-preview:-1\" \/>\n<link rel=\"canonical\" href=\"https:\/\/ediprinter.pt\/25o-aniversario-da-cilneves\/\" \/>\n<meta property=\"og:locale\" content=\"pt_PT\" \/>\n<meta property=\"og:type\" content=\"article\" \/>\n<meta property=\"og:title\" content=\"Ediprinter na 7.\u00aa confer\u00eancia CITA RAG AFRICA em Marrakech\" \/>\n<meta property=\"og:description\" content=\"A Ediprinter esteve uma vez mais presente, na 7.\u00aa edi\u00e7\u00e3o da CITA RAG AFRICA, que decorreu dia 30 e 31 de Outubro de 2019, na cidade de Marrakech em Marrocos. O evento de dois dias, patrocinado pelo Ministro de Equipamento, Transporte, Log\u00edstica e \u00c1gua de Marrocos, recebeu um grupo de especialistas internacionais que mostraram boas pr\u00e1ticas e compartilhou informa\u00e7\u00f5es sobre a ind\u00fastria de PTI e seguran\u00e7a de ve\u00edculos no continente africano.\" \/>\n<meta property=\"og:url\" content=\"https:\/\/ediprinter.pt\/25o-aniversario-da-cilneves\/\" \/>\n<meta property=\"og:site_name\" content=\"Ediprinter\" \/>\n<meta property=\"article:publisher\" content=\"https:\/\/www.facebook.com\/ediprinter\/\" \/>\n<meta property=\"article:published_time\" content=\"2019-12-03T17:20:25+00:00\" \/>\n<meta property=\"article:modified_time\" content=\"2020-11-11T14:11:12+00:00\" \/>\n<meta property=\"og:image\" content=\"https:\/\/ediprinter.pt\/wp-content\/uploads\/2019\/11\/Capturar.png\" \/>\n\t<meta property=\"og:image:width\" content=\"749\" \/>\n\t<meta property=\"og:image:height\" content=\"420\" \/>\n<meta name=\"twitter:card\" content=\"summary_large_image\" \/>\n<meta name=\"twitter:label1\" content=\"Written by\">\n\t<meta name=\"twitter:data1\" content=\"Ediprinter\">\n\t<meta name=\"twitter:label2\" content=\"Est. reading time\">\n\t<meta name=\"twitter:data2\" content=\"1 minuto\">\n<script type=\"application\/ld+json\" class=\"yoast-schema-graph\">{\"@context\":\"https:\/\/schema.org\",\"@graph\":[{\"@type\":\"Organization\",\"@id\":\"https:\/\/ediprinter.pt\/#organization\",\"name\":\"Ediprinter - Software Development\",\"url\":\"https:\/\/ediprinter.pt\/\",\"sameAs\":[\"https:\/\/www.facebook.com\/ediprinter\/\",\"https:\/\/www.youtube.com\/channel\/UCF9Ob9_tT_O_DCHwo6dMgqQ\"],\"logo\":{\"@type\":\"ImageObject\",\"@id\":\"https:\/\/ediprinter.pt\/#logo\",\"inLanguage\":\"pt-PT\",\"url\":\"https:\/\/ediprinter.pt\/wp-content\/uploads\/2018\/02\/ediprinter_pb.svg\",\"caption\":\"Ediprinter - Software Development\"},\"image\":{\"@id\":\"https:\/\/ediprinter.pt\/#logo\"}},{\"@type\":\"WebSite\",\"@id\":\"https:\/\/ediprinter.pt\/#website\",\"url\":\"https:\/\/ediprinter.pt\/\",\"name\":\"Ediprinter\",\"description\":\"Software Development\",\"publisher\":{\"@id\":\"https:\/\/ediprinter.pt\/#organization\"},\"potentialAction\":[{\"@type\":\"SearchAction\",\"target\":\"https:\/\/ediprinter.pt\/?s={search_term_string}\",\"query-input\":\"required name=search_term_string\"}],\"inLanguage\":\"pt-PT\"},{\"@type\":\"ImageObject\",\"@id\":\"https:\/\/ediprinter.pt\/25o-aniversario-da-cilneves\/#primaryimage\",\"inLanguage\":\"pt-PT\",\"url\":\"https:\/\/ediprinter.pt\/wp-content\/uploads\/2019\/12\/25\\u00ba-cilneves-1-e1592233053163.jpg\",\"width\":1772,\"height\":1404},{\"@type\":\"WebPage\",\"@id\":\"https:\/\/ediprinter.pt\/25o-aniversario-da-cilneves\/#webpage\",\"url\":\"https:\/\/ediprinter.pt\/25o-aniversario-da-cilneves\/\",\"name\":\"25\\u00ba Anivers\\u00e1rio da CILNEVES - Ediprinter\",\"isPartOf\":{\"@id\":\"https:\/\/ediprinter.pt\/#website\"},\"primaryImageOfPage\":{\"@id\":\"https:\/\/ediprinter.pt\/25o-aniversario-da-cilneves\/#primaryimage\"},\"datePublished\":\"2019-12-03T17:20:25+00:00\",\"dateModified\":\"2020-11-11T14:11:12+00:00\",\"description\":\"NESTE DIA V\\u00c1RIOS ACONTECIMENTO HISTORICOS tiveram lugar:Em 1962 foi proclamado o dia da Independ\\u00eancia do Uganda\\u2026Em 1989, em Leipzig, Alemanha Oriental, 70 000 protestantes exigem a legaliza\\u00e7\\u00e3o de grupos de oposi\\u00e7\\u00e3o e reformas democr\\u00e1ticas, para muitos o Muro de Berlim come\\u00e7ou a cair neste dia\\u2026Em 1940 nasce John Lennon, m\\u00fasico brit\\u00e2nico\\u2026Em 2006, A Coreia do Norte realiza seu primeiro teste nuclear e o YouTube \\u00e9 comprado pelo Google\\u2026-Em 1990 \\u2013 Nasce a EDIPRINTER\\u2026 PARAB\\u00c9NS!PARAB\\u00c9NS A TODOS! A todos os colaboradores, Clientes, parceiros, fornecedores\\u2026 a todos aqueles que durante estes 29 anos fizeram parte desta Equipa!\",\"inLanguage\":\"pt-PT\",\"potentialAction\":[{\"@type\":\"ReadAction\",\"target\":[\"https:\/\/ediprinter.pt\/25o-aniversario-da-cilneves\/\"]}]},{\"@type\":\"Article\",\"@id\":\"https:\/\/ediprinter.pt\/25o-aniversario-da-cilneves\/#article\",\"isPartOf\":{\"@id\":\"https:\/\/ediprinter.pt\/25o-aniversario-da-cilneves\/#webpage\"},\"author\":{\"@id\":\"https:\/\/ediprinter.pt\/#\/schema\/person\/bd1d67586fb61a5b5ce21bfdb4c35e6a\"},\"headline\":\"25\\u00ba Anivers\\u00e1rio da CILNEVES\",\"datePublished\":\"2019-12-03T17:20:25+00:00\",\"dateModified\":\"2020-11-11T14:11:12+00:00\",\"mainEntityOfPage\":{\"@id\":\"https:\/\/ediprinter.pt\/25o-aniversario-da-cilneves\/#webpage\"},\"publisher\":{\"@id\":\"https:\/\/ediprinter.pt\/#organization\"},\"image\":{\"@id\":\"https:\/\/ediprinter.pt\/25o-aniversario-da-cilneves\/#primaryimage\"},\"articleSection\":\"Destaques,Not\\u00edcias\",\"inLanguage\":\"pt-PT\"},{\"@type\":\"Person\",\"@id\":\"https:\/\/ediprinter.pt\/#\/schema\/person\/bd1d67586fb61a5b5ce21bfdb4c35e6a\",\"name\":\"Ediprinter\",\"image\":{\"@type\":\"ImageObject\",\"@id\":\"https:\/\/ediprinter.pt\/#personlogo\",\"inLanguage\":\"pt-PT\",\"url\":\"https:\/\/secure.gravatar.com\/avatar\/83d9fff195185d64bda194f080b0c214?s=96&d=mm&r=g\",\"caption\":\"Ediprinter\"}}]}<\/script>\n<!-- \/ Yoast SEO plugin. -->","_links":{"self":[{"href":"https:\/\/ediprinter.pt\/api\/wp\/v2\/posts\/7574"}],"collection":[{"href":"https:\/\/ediprinter.pt\/api\/wp\/v2\/posts"}],"about":[{"href":"https:\/\/ediprinter.pt\/api\/wp\/v2\/types\/post"}],"author":[{"embeddable":true,"href":"https:\/\/ediprinter.pt\/api\/wp\/v2\/users\/2"}],"replies":[{"embeddable":true,"href":"https:\/\/ediprinter.pt\/api\/wp\/v2\/comments?post=7574"}],"version-history":[{"count":1,"href":"https:\/\/ediprinter.pt\/api\/wp\/v2\/posts\/7574\/revisions"}],"predecessor-version":[{"id":7576,"href":"https:\/\/ediprinter.pt\/api\/wp\/v2\/posts\/7574\/revisions\/7576"}],"wp:featuredmedia":[{"embeddable":true,"href":"https:\/\/ediprinter.pt\/api\/wp\/v2\/media\/7577"}],"wp:attachment":[{"href":"https:\/\/ediprinter.pt\/api\/wp\/v2\/media?parent=7574"}],"wp:term":[{"taxonomy":"category","embeddable":true,"href":"https:\/\/ediprinter.pt\/api\/wp\/v2\/categories?post=7574"},{"taxonomy":"post_tag","embeddable":true,"href":"https:\/\/ediprinter.pt\/api\/wp\/v2\/tags?post=7574"}],"curies":[{"name":"wp","href":"https:\/\/api.w.org\/{rel}","templated":true}]}}