{"id":7910,"date":"2020-06-15T14:43:22","date_gmt":"2020-06-15T14:43:22","guid":{"rendered":"https:\/\/ediprinter.pt\/?p=7910"},"modified":"2020-11-11T14:11:12","modified_gmt":"2020-11-11T14:11:12","slug":"uma-parceria-duradoura-uma-migracao-de-sucesso","status":"publish","type":"post","link":"https:\/\/ediprinter.pt\/uma-parceria-duradoura-uma-migracao-de-sucesso\/","title":{"rendered":"UMA PARCERIA DURADOURA, UMA MIGRA\u00c7\u00c3O DE SUCESSO!"},"content":{"rendered":"[vc_row type=&#8221;in_container&#8221; full_screen_row_position=&#8221;middle&#8221; column_margin=&#8221;default&#8221; column_direction=&#8221;default&#8221; column_direction_tablet=&#8221;default&#8221; column_direction_phone=&#8221;default&#8221; scene_position=&#8221;center&#8221; top_padding=&#8221;30&#8243; text_color=&#8221;dark&#8221; text_align=&#8221;left&#8221; row_border_radius=&#8221;none&#8221; row_border_radius_applies=&#8221;bg&#8221; overlay_strength=&#8221;0.3&#8243; gradient_direction=&#8221;left_to_right&#8221; shape_divider_position=&#8221;bottom&#8221; bg_image_animation=&#8221;none&#8221; shape_type=&#8221;&#8221;][vc_column column_padding=&#8221;no-extra-padding&#8221; column_padding_tablet=&#8221;inherit&#8221; column_padding_phone=&#8221;inherit&#8221; column_padding_position=&#8221;all&#8221; background_color_opacity=&#8221;1&#8243; background_hover_color_opacity=&#8221;1&#8243; column_shadow=&#8221;none&#8221; column_border_radius=&#8221;none&#8221; column_link_target=&#8221;_self&#8221; gradient_direction=&#8221;left_to_right&#8221; overlay_strength=&#8221;0.3&#8243; width=&#8221;1\/1&#8243; tablet_width_inherit=&#8221;default&#8221; tablet_text_alignment=&#8221;default&#8221; phone_text_alignment=&#8221;default&#8221; column_border_width=&#8221;none&#8221; column_border_style=&#8221;solid&#8221; bg_image_animation=&#8221;none&#8221;][vc_column_text]Desde o in\u00edcio do ano de 2020, a equipa t\u00e9cnica da Ediprinter come\u00e7ou a migra\u00e7\u00e3o do EDIGCIA V7 para o novo EDIGCIA 8 \u2013 Software de Gest\u00e3o para Centros de Inspe\u00e7\u00e3o Autom\u00f3vel, de todos os centros de Inspe\u00e7\u00e3o CIMA e INSPECENTRO do grupo TAVFER.<\/p>\n<p>O Novo EDIGCIA 8, instalado no grupo, \u00e9 uma tecnologia H\u00edbrida, Base de dados e Software instalado localmente (servidor no centro de inspe\u00e7\u00e3o) e num Datacenter, permitindo assim um funcionamento cont\u00ednuo, sem quebras ou perdas, e uma seguran\u00e7a de dados consolidados permanente.<\/p>\n<p>Esta migra\u00e7\u00e3o inclui desde a convers\u00e3o de todos os dados do EDIGCIA V7, a instala\u00e7\u00e3o e configura\u00e7\u00e3o de novo sistema de gest\u00e3o EDIGCIA 8, forma\u00e7\u00e3o a todos os colaboradores e acompanhamento no in\u00edcio da utiliza\u00e7\u00e3o deste novo sistema.<\/p>\n<p>A migra\u00e7\u00e3o tem sido um \u00eaxito e agradecemos a toda a nossa equipa, bem como \u00e0 Administra\u00e7\u00e3o da TAVFER, pela sua abertura e aceita\u00e7\u00e3o deste novo Software e toda a colabora\u00e7\u00e3o dos recursos humanos do grupo.[\/vc_column_text][\/vc_column][\/vc_row]\n","protected":false},"excerpt":{"rendered":"<p>[vc_row type=&#8221;in_container&#8221; full_screen_row_position=&#8221;middle&#8221; column_margin=&#8221;default&#8221; column_direction=&#8221;default&#8221; column_direction_tablet=&#8221;default&#8221; column_direction_phone=&#8221;default&#8221; scene_position=&#8221;center&#8221; top_padding=&#8221;30&#8243; text_color=&#8221;dark&#8221; text_align=&#8221;left&#8221; row_border_radius=&#8221;none&#8221; row_border_radius_applies=&#8221;bg&#8221; overlay_strength=&#8221;0.3&#8243; gradient_direction=&#8221;left_to_right&#8221;&#8230;<\/p>\n","protected":false},"author":2,"featured_media":7911,"comment_status":"closed","ping_status":"open","sticky":false,"template":"","format":"standard","meta":{"kt_blocks_editor_width":""},"categories":[26,32],"tags":[],"yoast_head":"<!-- This site is optimized with the Yoast SEO plugin v15.2.1 - https:\/\/yoast.com\/wordpress\/plugins\/seo\/ -->\n<title>UMA PARCERIA DURADOURA, UMA MIGRA\u00c7\u00c3O DE SUCESSO! - Ediprinter<\/title>\n<meta name=\"description\" content=\"NESTE DIA V\u00c1RIOS ACONTECIMENTO HISTORICOS tiveram lugar:Em 1962 foi proclamado o dia da Independ\u00eancia do Uganda\u2026Em 1989, em Leipzig, Alemanha Oriental, 70 000 protestantes exigem a legaliza\u00e7\u00e3o de grupos de oposi\u00e7\u00e3o e reformas democr\u00e1ticas, para muitos o Muro de Berlim come\u00e7ou a cair neste dia\u2026Em 1940 nasce John Lennon, m\u00fasico brit\u00e2nico\u2026Em 2006, A Coreia do Norte realiza seu primeiro teste nuclear e o YouTube \u00e9 comprado pelo Google\u2026-Em 1990 \u2013 Nasce a EDIPRINTER\u2026 PARAB\u00c9NS!PARAB\u00c9NS A TODOS! A todos os colaboradores, Clientes, parceiros, fornecedores\u2026 a todos aqueles que durante estes 29 anos fizeram parte desta Equipa!\" \/>\n<meta name=\"robots\" content=\"index, follow, max-snippet:-1, max-image-preview:large, max-video-preview:-1\" \/>\n<link rel=\"canonical\" href=\"https:\/\/ediprinter.pt\/uma-parceria-duradoura-uma-migracao-de-sucesso\/\" \/>\n<meta property=\"og:locale\" content=\"pt_PT\" \/>\n<meta property=\"og:type\" content=\"article\" \/>\n<meta property=\"og:title\" content=\"UMA PARCERIA DURADOURA, UMA MIGRA\u00c7\u00c3O DE SUCESSO!\" \/>\n<meta property=\"og:description\" content=\"Desde o in\u00edcio do ano de 2020, a equipa t\u00e9cnica da Ediprinter come\u00e7ou a migra\u00e7\u00e3o do EDIGCIA V7 para o novo EDIGCIA 8 \u2013 Software de Gest\u00e3o para Centros de Inspe\u00e7\u00e3o Autom\u00f3vel, de todos os centros de Inspe\u00e7\u00e3o CIMA e INSPECENTRO do grupo TAVFER. O Novo EDIGCIA 8, instalado no grupo, \u00e9 uma tecnologia Hibrida, Base de dados e Software instalado localmente (servidor no centro de inspe\u00e7\u00e3o) e num Datacenter, permitindo assim um funcionamento cont\u00ednuo, sem quebras ou perdas, e uma seguran\u00e7a de dados consolidados permanente. Esta migra\u00e7\u00e3o inclui desde a convers\u00e3o de todos os dados do EDIGCIA V7, a instala\u00e7\u00e3o e configura\u00e7\u00e3o de novo sistema de gest\u00e3o EDIGCIA 8, forma\u00e7\u00e3o a todos os colaboradores e acompanhamento no in\u00edcio da utiliza\u00e7\u00e3o deste novo sistema. A migra\u00e7\u00e3o tem sido um \u00eaxito e agradecemos a toda a nossa equipa, bem como \u00e0 Administra\u00e7\u00e3o da TAVFER, pela sua abertura e aceita\u00e7\u00e3o deste novo Software e toda a colabora\u00e7\u00e3o dos recursos humanos do grupo.\" \/>\n<meta property=\"og:url\" content=\"https:\/\/ediprinter.pt\/uma-parceria-duradoura-uma-migracao-de-sucesso\/\" \/>\n<meta property=\"og:site_name\" content=\"Ediprinter\" \/>\n<meta property=\"article:publisher\" content=\"https:\/\/www.facebook.com\/ediprinter\/\" \/>\n<meta property=\"article:published_time\" content=\"2020-06-15T14:43:22+00:00\" \/>\n<meta property=\"article:modified_time\" content=\"2020-11-11T14:11:12+00:00\" \/>\n<meta property=\"og:image\" content=\"https:\/\/ediprinter.pt\/wp-content\/uploads\/2020\/06\/egicos-2.jpg\" \/>\n\t<meta property=\"og:image:width\" content=\"1824\" \/>\n\t<meta property=\"og:image:height\" content=\"1368\" \/>\n<meta name=\"twitter:card\" content=\"summary_large_image\" \/>\n<meta name=\"twitter:label1\" content=\"Written by\">\n\t<meta name=\"twitter:data1\" content=\"Ediprinter\">\n\t<meta name=\"twitter:label2\" content=\"Est. reading time\">\n\t<meta name=\"twitter:data2\" content=\"1 minuto\">\n<script type=\"application\/ld+json\" class=\"yoast-schema-graph\">{\"@context\":\"https:\/\/schema.org\",\"@graph\":[{\"@type\":\"Organization\",\"@id\":\"https:\/\/ediprinter.pt\/#organization\",\"name\":\"Ediprinter - Software Development\",\"url\":\"https:\/\/ediprinter.pt\/\",\"sameAs\":[\"https:\/\/www.facebook.com\/ediprinter\/\",\"https:\/\/www.youtube.com\/channel\/UCF9Ob9_tT_O_DCHwo6dMgqQ\"],\"logo\":{\"@type\":\"ImageObject\",\"@id\":\"https:\/\/ediprinter.pt\/#logo\",\"inLanguage\":\"pt-PT\",\"url\":\"https:\/\/ediprinter.pt\/wp-content\/uploads\/2018\/02\/ediprinter_pb.svg\",\"caption\":\"Ediprinter - Software Development\"},\"image\":{\"@id\":\"https:\/\/ediprinter.pt\/#logo\"}},{\"@type\":\"WebSite\",\"@id\":\"https:\/\/ediprinter.pt\/#website\",\"url\":\"https:\/\/ediprinter.pt\/\",\"name\":\"Ediprinter\",\"description\":\"Software Development\",\"publisher\":{\"@id\":\"https:\/\/ediprinter.pt\/#organization\"},\"potentialAction\":[{\"@type\":\"SearchAction\",\"target\":\"https:\/\/ediprinter.pt\/?s={search_term_string}\",\"query-input\":\"required name=search_term_string\"}],\"inLanguage\":\"pt-PT\"},{\"@type\":\"ImageObject\",\"@id\":\"https:\/\/ediprinter.pt\/uma-parceria-duradoura-uma-migracao-de-sucesso\/#primaryimage\",\"inLanguage\":\"pt-PT\",\"url\":\"https:\/\/ediprinter.pt\/wp-content\/uploads\/2020\/06\/egicos-2.jpg\",\"width\":1824,\"height\":1368},{\"@type\":\"WebPage\",\"@id\":\"https:\/\/ediprinter.pt\/uma-parceria-duradoura-uma-migracao-de-sucesso\/#webpage\",\"url\":\"https:\/\/ediprinter.pt\/uma-parceria-duradoura-uma-migracao-de-sucesso\/\",\"name\":\"UMA PARCERIA DURADOURA, UMA MIGRA\\u00c7\\u00c3O DE SUCESSO! - Ediprinter\",\"isPartOf\":{\"@id\":\"https:\/\/ediprinter.pt\/#website\"},\"primaryImageOfPage\":{\"@id\":\"https:\/\/ediprinter.pt\/uma-parceria-duradoura-uma-migracao-de-sucesso\/#primaryimage\"},\"datePublished\":\"2020-06-15T14:43:22+00:00\",\"dateModified\":\"2020-11-11T14:11:12+00:00\",\"description\":\"NESTE DIA V\\u00c1RIOS ACONTECIMENTO HISTORICOS tiveram lugar:Em 1962 foi proclamado o dia da Independ\\u00eancia do Uganda\\u2026Em 1989, em Leipzig, Alemanha Oriental, 70 000 protestantes exigem a legaliza\\u00e7\\u00e3o de grupos de oposi\\u00e7\\u00e3o e reformas democr\\u00e1ticas, para muitos o Muro de Berlim come\\u00e7ou a cair neste dia\\u2026Em 1940 nasce John Lennon, m\\u00fasico brit\\u00e2nico\\u2026Em 2006, A Coreia do Norte realiza seu primeiro teste nuclear e o YouTube \\u00e9 comprado pelo Google\\u2026-Em 1990 \\u2013 Nasce a EDIPRINTER\\u2026 PARAB\\u00c9NS!PARAB\\u00c9NS A TODOS! A todos os colaboradores, Clientes, parceiros, fornecedores\\u2026 a todos aqueles que durante estes 29 anos fizeram parte desta Equipa!\",\"inLanguage\":\"pt-PT\",\"potentialAction\":[{\"@type\":\"ReadAction\",\"target\":[\"https:\/\/ediprinter.pt\/uma-parceria-duradoura-uma-migracao-de-sucesso\/\"]}]},{\"@type\":\"Article\",\"@id\":\"https:\/\/ediprinter.pt\/uma-parceria-duradoura-uma-migracao-de-sucesso\/#article\",\"isPartOf\":{\"@id\":\"https:\/\/ediprinter.pt\/uma-parceria-duradoura-uma-migracao-de-sucesso\/#webpage\"},\"author\":{\"@id\":\"https:\/\/ediprinter.pt\/#\/schema\/person\/bd1d67586fb61a5b5ce21bfdb4c35e6a\"},\"headline\":\"UMA PARCERIA DURADOURA, UMA MIGRA\\u00c7\\u00c3O DE SUCESSO!\",\"datePublished\":\"2020-06-15T14:43:22+00:00\",\"dateModified\":\"2020-11-11T14:11:12+00:00\",\"mainEntityOfPage\":{\"@id\":\"https:\/\/ediprinter.pt\/uma-parceria-duradoura-uma-migracao-de-sucesso\/#webpage\"},\"publisher\":{\"@id\":\"https:\/\/ediprinter.pt\/#organization\"},\"image\":{\"@id\":\"https:\/\/ediprinter.pt\/uma-parceria-duradoura-uma-migracao-de-sucesso\/#primaryimage\"},\"articleSection\":\"Destaques,Not\\u00edcias\",\"inLanguage\":\"pt-PT\"},{\"@type\":\"Person\",\"@id\":\"https:\/\/ediprinter.pt\/#\/schema\/person\/bd1d67586fb61a5b5ce21bfdb4c35e6a\",\"name\":\"Ediprinter\",\"image\":{\"@type\":\"ImageObject\",\"@id\":\"https:\/\/ediprinter.pt\/#personlogo\",\"inLanguage\":\"pt-PT\",\"url\":\"https:\/\/secure.gravatar.com\/avatar\/83d9fff195185d64bda194f080b0c214?s=96&d=mm&r=g\",\"caption\":\"Ediprinter\"}}]}<\/script>\n<!-- \/ Yoast SEO plugin. -->","_links":{"self":[{"href":"https:\/\/ediprinter.pt\/api\/wp\/v2\/posts\/7910"}],"collection":[{"href":"https:\/\/ediprinter.pt\/api\/wp\/v2\/posts"}],"about":[{"href":"https:\/\/ediprinter.pt\/api\/wp\/v2\/types\/post"}],"author":[{"embeddable":true,"href":"https:\/\/ediprinter.pt\/api\/wp\/v2\/users\/2"}],"replies":[{"embeddable":true,"href":"https:\/\/ediprinter.pt\/api\/wp\/v2\/comments?post=7910"}],"version-history":[{"count":1,"href":"https:\/\/ediprinter.pt\/api\/wp\/v2\/posts\/7910\/revisions"}],"predecessor-version":[{"id":7912,"href":"https:\/\/ediprinter.pt\/api\/wp\/v2\/posts\/7910\/revisions\/7912"}],"wp:featuredmedia":[{"embeddable":true,"href":"https:\/\/ediprinter.pt\/api\/wp\/v2\/media\/7911"}],"wp:attachment":[{"href":"https:\/\/ediprinter.pt\/api\/wp\/v2\/media?parent=7910"}],"wp:term":[{"taxonomy":"category","embeddable":true,"href":"https:\/\/ediprinter.pt\/api\/wp\/v2\/categories?post=7910"},{"taxonomy":"post_tag","embeddable":true,"href":"https:\/\/ediprinter.pt\/api\/wp\/v2\/tags?post=7910"}],"curies":[{"name":"wp","href":"https:\/\/api.w.org\/{rel}","templated":true}]}}