{"id":8104,"date":"2021-01-12T15:19:12","date_gmt":"2021-01-12T15:19:12","guid":{"rendered":"https:\/\/ediprinter.pt\/?p=8104"},"modified":"2021-01-12T17:08:51","modified_gmt":"2021-01-12T17:08:51","slug":"importancia-do-design-responsivo","status":"publish","type":"post","link":"https:\/\/ediprinter.pt\/importancia-do-design-responsivo\/","title":{"rendered":"Import\u00e2ncia do Design Responsivo"},"content":{"rendered":"<blockquote><p><strong>De acordo com a <a href=\"https:\/\/www.globalwebindex.com\/\" target=\"_blank\" rel=\"noopener noreferrer\"><u>GlobalWebIndex<\/u><\/a>, 53,3% do tr\u00e1fego total na internet (a n\u00edvel global) \u00e9 efetuado atrav\u00e9s de smartphones. Contudo, apesar da omnipresen\u00e7a dos dispositivos m\u00f3veis (cerca de 92% dos utilizadores da internet, no mundo, j\u00e1 se conectam com dispositivos m\u00f3veis), tr\u00eas quartos dos utilizadores, com idades entre 16 e 64 anos, utilizam computadores de secret\u00e1ria e port\u00e1teis para aceder \u00e0 internet, sendo estes dispositivos utilizados em 44% do tr\u00e1fego total.<\/strong><\/p><\/blockquote>\n<p>Estes dados indicam que a maioria das pessoas acede \u00e0 internet, utilizando dispositivos diferentes em momentos diferentes e para necessidades diferentes.<\/p>\n<p><img loading=\"lazy\" class=\"alignnone size-full wp-image-8106\" src=\"https:\/\/ediprinter.pt\/wp-content\/uploads\/2021\/01\/Share-of-Web-Traffic-by-Device.png\" alt=\"\" width=\"1920\" height=\"1080\" srcset=\"https:\/\/ediprinter.pt\/wp-content\/uploads\/2021\/01\/Share-of-Web-Traffic-by-Device.png 1920w, https:\/\/ediprinter.pt\/wp-content\/uploads\/2021\/01\/Share-of-Web-Traffic-by-Device-300x169.png 300w, https:\/\/ediprinter.pt\/wp-content\/uploads\/2021\/01\/Share-of-Web-Traffic-by-Device-1024x576.png 1024w, https:\/\/ediprinter.pt\/wp-content\/uploads\/2021\/01\/Share-of-Web-Traffic-by-Device-768x432.png 768w, https:\/\/ediprinter.pt\/wp-content\/uploads\/2021\/01\/Share-of-Web-Traffic-by-Device-1536x864.png 1536w\" sizes=\"(max-width: 1920px) 100vw, 1920px\" \/>Fonte: <a href=\"https:\/\/wearesocial.com\/blog\/2020\/01\/digital-2020-3-8-billion-people-use-social-media\" target=\"_blank\" rel=\"noopener noreferrer\">https:\/\/wearesocial.com\/blog\/2020\/01\/digital-2020-3-8-billion-people-use-social-media<\/a><\/p>\n<p>Face a estes dados, \u00e9 fundamental que as ferramentas digitais, nomeadamente os <em>websites<\/em> sejam desenvolvidos para funcionar perfeitamente, independentemente do dispositivo utilizado para a ceder \u00e0 internet e \u00e9 aqui que entra o <strong><em>Web Design<\/em> Responsivo<\/strong>.<\/p>\n<p>O <strong><em>Web Design<\/em> Responsivo<\/strong> consiste na cria\u00e7\u00e3o de <em>websites<\/em> e plataformas de <em>eCommerce<\/em>, que se adaptam perfeitamente aos ecr\u00e3s dos dispositivos onde est\u00e3o a ser exibidos (computadores de secret\u00e1ria, port\u00e1teis, <em>tablets<\/em> e <em>smartphones<\/em>).<\/p>\n<p>Os <strong><em>websites<\/em> responsivos<\/strong>, utilizam o <em>design<\/em> fluido, uma solu\u00e7\u00e3o t\u00e9cnica que consiste em programar um <em>website<\/em> de forma que os elementos que o comp\u00f5em (textos, v\u00eddeos, imagens, fundos, etc.) se adaptem autom\u00e1tica e proporcionalmente \u00e0s dimens\u00f5es, formato e resolu\u00e7\u00e3o dos ecr\u00e3s onde s\u00e3o apresentados, promovendo uma usabilidade adequada \u00e0 dimens\u00e3o e formato dos mesmos e por conseguinte, conferem uma melhor experi\u00eancia de utiliza\u00e7\u00e3o.<\/p>\n<p><strong>Um <em>design<\/em> responsivo inclui:<\/strong><\/p>\n<ul>\n<li>Adaptar o <em>layout<\/em> do website para que este se ajuste, automaticamente, \u00e0 resolu\u00e7\u00e3o do ecr\u00e3 em que \u00e9 apresentado (monitor de secret\u00e1ria, port\u00e1til, <em>tablet<\/em> ou <em>smartphone<\/em>);<\/li>\n<li>Tratamento das imagens, para serem apresentados adequadamente no ecr\u00e3 e para que n\u00e3o sobrecarreguem a transfer\u00eancia de dados nem comprometam o desempenho do <em>website<\/em>;<\/li>\n<li>Simplificar\/selecionar, de forma muito criteriosa, os elementos a exibir nos dispositivos m\u00f3veis, onde o utilizador tem menos espa\u00e7o dispon\u00edvel para navegar, por exemplo: ocultar elementos sup\u00e9rfluos; simplificar anima\u00e7\u00f5es; reduzir n\u00famero de imagens; gerir adequadamente o tamanho dos textos, etc.;<\/li>\n<li>Adaptar o tamanho de bot\u00f5es e dos links para interfaces <em>touch<\/em> onde o ponteiro do <em>mouse<\/em> \u00e9 substitu\u00eddo pelo dedo do utilizador;<\/li>\n<li>Utilizar de forma inteligente os recursos <em>mobile<\/em> como a geolocaliza\u00e7\u00e3o e a mudan\u00e7a na orienta\u00e7\u00e3o do aparelho (horizontal ou vertical);<\/li>\n<li>Assegurar, independentemente do ecr\u00e3, uma experi\u00eancia de navega\u00e7\u00e3o intuitiva, fluida e agrad\u00e1vel;<\/li>\n<li>Priorizar a funcionalidade e experi\u00eancia de navega\u00e7\u00e3o, obviamente, mas nunca descorar a est\u00e9tica do <em>website<\/em>, assegurando que este, independentemente da tela, n\u00e3o perde a sua identidade.<\/li>\n<li>&#8230;<\/li>\n<\/ul>\n<p>Neste pequeno artigo abordamos de forma muito resumida a import\u00e2ncia do <strong><em>Web Desgin<\/em> Responsivo<\/strong>, para que n\u00e3o se esque\u00e7a, quando solicitar o desenvolvimento ou renova\u00e7\u00e3o do <em>website<\/em> para a sua empresa ou institui\u00e7\u00e3o, acrescentar nos requisitos \ud83d\ude09\ud83d\udc4d.<\/p>\n","protected":false},"excerpt":{"rendered":"<p>De acordo com a GlobalWebIndex, 53,3% do tr\u00e1fego total na internet (a n\u00edvel global) \u00e9&#8230;<\/p>\n","protected":false},"author":1,"featured_media":8105,"comment_status":"closed","ping_status":"open","sticky":false,"template":"","format":"standard","meta":{"kt_blocks_editor_width":""},"categories":[33],"tags":[],"yoast_head":"<!-- This site is optimized with the Yoast SEO plugin v15.2.1 - https:\/\/yoast.com\/wordpress\/plugins\/seo\/ -->\n<title>Import\u00e2ncia do Design Responsivo - Ediprinter<\/title>\n<meta name=\"description\" content=\"O Web Design Responsivo consiste na cria\u00e7\u00e3o de websites e plataformas de eCommerce, que se adaptam perfeitamente aos ecr\u00e3s dos dispositivos onde est\u00e3o a ser exibidos (computadores de secret\u00e1ria, port\u00e1teis, tablets e smartphones).\" \/>\n<meta name=\"robots\" content=\"index, follow, max-snippet:-1, max-image-preview:large, max-video-preview:-1\" \/>\n<link rel=\"canonical\" href=\"https:\/\/ediprinter.pt\/importancia-do-design-responsivo\/\" \/>\n<meta property=\"og:locale\" content=\"pt_PT\" \/>\n<meta property=\"og:type\" content=\"article\" \/>\n<meta property=\"og:title\" content=\"Import\u00e2ncia do Design Responsivo\" \/>\n<meta property=\"og:description\" content=\"O Web Design Responsivo consiste na cria\u00e7\u00e3o de websites e plataformas de eCommerce, que se adaptam perfeitamente aos ecr\u00e3s dos dispositivos onde est\u00e3o a ser exibidos...\" \/>\n<meta property=\"og:url\" content=\"https:\/\/ediprinter.pt\/importancia-do-design-responsivo\/\" \/>\n<meta property=\"og:site_name\" content=\"Ediprinter\" \/>\n<meta property=\"article:publisher\" content=\"https:\/\/www.facebook.com\/ediprinter\/\" \/>\n<meta property=\"article:published_time\" content=\"2021-01-12T15:19:12+00:00\" \/>\n<meta property=\"article:modified_time\" content=\"2021-01-12T17:08:51+00:00\" \/>\n<meta property=\"og:image\" content=\"https:\/\/ediprinter.pt\/wp-content\/uploads\/2021\/01\/Web-Design-Responsivo.jpg\" \/>\n\t<meta property=\"og:image:width\" content=\"1981\" \/>\n\t<meta property=\"og:image:height\" content=\"1517\" \/>\n<meta name=\"twitter:card\" content=\"summary_large_image\" \/>\n<meta name=\"twitter:label1\" content=\"Written by\">\n\t<meta name=\"twitter:data1\" content=\"ediprinter-ad\">\n\t<meta name=\"twitter:label2\" content=\"Est. reading time\">\n\t<meta name=\"twitter:data2\" content=\"2 minutos\">\n<script type=\"application\/ld+json\" class=\"yoast-schema-graph\">{\"@context\":\"https:\/\/schema.org\",\"@graph\":[{\"@type\":\"Organization\",\"@id\":\"https:\/\/ediprinter.pt\/#organization\",\"name\":\"Ediprinter - Software Development\",\"url\":\"https:\/\/ediprinter.pt\/\",\"sameAs\":[\"https:\/\/www.facebook.com\/ediprinter\/\",\"https:\/\/www.youtube.com\/channel\/UCF9Ob9_tT_O_DCHwo6dMgqQ\"],\"logo\":{\"@type\":\"ImageObject\",\"@id\":\"https:\/\/ediprinter.pt\/#logo\",\"inLanguage\":\"pt-PT\",\"url\":\"https:\/\/ediprinter.pt\/wp-content\/uploads\/2018\/02\/ediprinter_pb.svg\",\"caption\":\"Ediprinter - Software Development\"},\"image\":{\"@id\":\"https:\/\/ediprinter.pt\/#logo\"}},{\"@type\":\"WebSite\",\"@id\":\"https:\/\/ediprinter.pt\/#website\",\"url\":\"https:\/\/ediprinter.pt\/\",\"name\":\"Ediprinter\",\"description\":\"Software Development\",\"publisher\":{\"@id\":\"https:\/\/ediprinter.pt\/#organization\"},\"potentialAction\":[{\"@type\":\"SearchAction\",\"target\":\"https:\/\/ediprinter.pt\/?s={search_term_string}\",\"query-input\":\"required name=search_term_string\"}],\"inLanguage\":\"pt-PT\"},{\"@type\":\"ImageObject\",\"@id\":\"https:\/\/ediprinter.pt\/importancia-do-design-responsivo\/#primaryimage\",\"inLanguage\":\"pt-PT\",\"url\":\"https:\/\/ediprinter.pt\/wp-content\/uploads\/2021\/01\/Web-Design-Responsivo.jpg\",\"width\":1981,\"height\":1517},{\"@type\":\"WebPage\",\"@id\":\"https:\/\/ediprinter.pt\/importancia-do-design-responsivo\/#webpage\",\"url\":\"https:\/\/ediprinter.pt\/importancia-do-design-responsivo\/\",\"name\":\"Import\\u00e2ncia do Design Responsivo - Ediprinter\",\"isPartOf\":{\"@id\":\"https:\/\/ediprinter.pt\/#website\"},\"primaryImageOfPage\":{\"@id\":\"https:\/\/ediprinter.pt\/importancia-do-design-responsivo\/#primaryimage\"},\"datePublished\":\"2021-01-12T15:19:12+00:00\",\"dateModified\":\"2021-01-12T17:08:51+00:00\",\"description\":\"O Web Design Responsivo consiste na cria\\u00e7\\u00e3o de websites e plataformas de eCommerce, que se adaptam perfeitamente aos ecr\\u00e3s dos dispositivos onde est\\u00e3o a ser exibidos (computadores de secret\\u00e1ria, port\\u00e1teis, tablets e smartphones).\",\"inLanguage\":\"pt-PT\",\"potentialAction\":[{\"@type\":\"ReadAction\",\"target\":[\"https:\/\/ediprinter.pt\/importancia-do-design-responsivo\/\"]}]},{\"@type\":\"Article\",\"@id\":\"https:\/\/ediprinter.pt\/importancia-do-design-responsivo\/#article\",\"isPartOf\":{\"@id\":\"https:\/\/ediprinter.pt\/importancia-do-design-responsivo\/#webpage\"},\"author\":{\"@id\":\"https:\/\/ediprinter.pt\/#\/schema\/person\/66a57e7774e0da01df7b4ab7a7c634fc\"},\"headline\":\"Import\\u00e2ncia do Design Responsivo\",\"datePublished\":\"2021-01-12T15:19:12+00:00\",\"dateModified\":\"2021-01-12T17:08:51+00:00\",\"mainEntityOfPage\":{\"@id\":\"https:\/\/ediprinter.pt\/importancia-do-design-responsivo\/#webpage\"},\"publisher\":{\"@id\":\"https:\/\/ediprinter.pt\/#organization\"},\"image\":{\"@id\":\"https:\/\/ediprinter.pt\/importancia-do-design-responsivo\/#primaryimage\"},\"articleSection\":\"Blog\",\"inLanguage\":\"pt-PT\"},{\"@type\":\"Person\",\"@id\":\"https:\/\/ediprinter.pt\/#\/schema\/person\/66a57e7774e0da01df7b4ab7a7c634fc\",\"name\":\"ediprinter-ad\",\"image\":{\"@type\":\"ImageObject\",\"@id\":\"https:\/\/ediprinter.pt\/#personlogo\",\"inLanguage\":\"pt-PT\",\"url\":\"https:\/\/secure.gravatar.com\/avatar\/495627798e48e1cbc79735aa9678f925?s=96&d=mm&r=g\",\"caption\":\"ediprinter-ad\"}}]}<\/script>\n<!-- \/ Yoast SEO plugin. -->","_links":{"self":[{"href":"https:\/\/ediprinter.pt\/api\/wp\/v2\/posts\/8104"}],"collection":[{"href":"https:\/\/ediprinter.pt\/api\/wp\/v2\/posts"}],"about":[{"href":"https:\/\/ediprinter.pt\/api\/wp\/v2\/types\/post"}],"author":[{"embeddable":true,"href":"https:\/\/ediprinter.pt\/api\/wp\/v2\/users\/1"}],"replies":[{"embeddable":true,"href":"https:\/\/ediprinter.pt\/api\/wp\/v2\/comments?post=8104"}],"version-history":[{"count":5,"href":"https:\/\/ediprinter.pt\/api\/wp\/v2\/posts\/8104\/revisions"}],"predecessor-version":[{"id":8111,"href":"https:\/\/ediprinter.pt\/api\/wp\/v2\/posts\/8104\/revisions\/8111"}],"wp:featuredmedia":[{"embeddable":true,"href":"https:\/\/ediprinter.pt\/api\/wp\/v2\/media\/8105"}],"wp:attachment":[{"href":"https:\/\/ediprinter.pt\/api\/wp\/v2\/media?parent=8104"}],"wp:term":[{"taxonomy":"category","embeddable":true,"href":"https:\/\/ediprinter.pt\/api\/wp\/v2\/categories?post=8104"},{"taxonomy":"post_tag","embeddable":true,"href":"https:\/\/ediprinter.pt\/api\/wp\/v2\/tags?post=8104"}],"curies":[{"name":"wp","href":"https:\/\/api.w.org\/{rel}","templated":true}]}}