{"id":8479,"date":"2024-09-06T14:55:45","date_gmt":"2024-09-06T14:55:45","guid":{"rendered":"https:\/\/ediprinter.pt\/?p=8479"},"modified":"2024-09-06T14:57:13","modified_gmt":"2024-09-06T14:57:13","slug":"costa-do-marfim-inauguracao-de-novo-centro-de-inspecao-automovel","status":"publish","type":"post","link":"https:\/\/ediprinter.pt\/costa-do-marfim-inauguracao-de-novo-centro-de-inspecao-automovel\/","title":{"rendered":"Costa do Marfim &#8211; Inaugura\u00e7\u00e3o de Novo Centro de Inspe\u00e7\u00e3o Autom\u00f3vel"},"content":{"rendered":"[vc_row type=&#8221;in_container&#8221; full_screen_row_position=&#8221;middle&#8221; column_margin=&#8221;default&#8221; column_direction=&#8221;default&#8221; column_direction_tablet=&#8221;default&#8221; column_direction_phone=&#8221;default&#8221; scene_position=&#8221;center&#8221; top_padding=&#8221;30&#8243; text_color=&#8221;dark&#8221; text_align=&#8221;left&#8221; row_border_radius=&#8221;none&#8221; row_border_radius_applies=&#8221;bg&#8221; overlay_strength=&#8221;0.3&#8243; gradient_direction=&#8221;left_to_right&#8221; shape_divider_position=&#8221;bottom&#8221; bg_image_animation=&#8221;none&#8221; shape_type=&#8221;&#8221;][vc_column column_padding=&#8221;no-extra-padding&#8221; column_padding_tablet=&#8221;inherit&#8221; column_padding_phone=&#8221;inherit&#8221; column_padding_position=&#8221;all&#8221; background_color_opacity=&#8221;1&#8243; background_hover_color_opacity=&#8221;1&#8243; column_shadow=&#8221;none&#8221; column_border_radius=&#8221;none&#8221; column_link_target=&#8221;_self&#8221; gradient_direction=&#8221;left_to_right&#8221; overlay_strength=&#8221;0.3&#8243; width=&#8221;1\/1&#8243; tablet_width_inherit=&#8221;default&#8221; tablet_text_alignment=&#8221;default&#8221; phone_text_alignment=&#8221;default&#8221; column_border_width=&#8221;none&#8221; column_border_style=&#8221;solid&#8221; bg_image_animation=&#8221;none&#8221;][vc_column_text]A empresa RECTA-CI abriu um Centro de Inspe\u00e7\u00e3o, o primeiro de v\u00e1rios previstos sob uma estrat\u00e9gia de crescimento e de abrang\u00eancia a todo o pa\u00eds.<\/p>\n<p>O EDIGCIA foi o software escolhido e vai seguramente proporcionar \u00e0 Recta-CI um desempenho de alta performance e de diferencia\u00e7\u00e3o no sector.<\/p>\n<p>Atrav\u00e9s da parceria com a CAS Equipement, a Ediprinter consolida a sua internacionaliza\u00e7\u00e3o, marcando presen\u00e7a com import\u00e2ncia geoestrat\u00e9gica na \u00c1frica Ocidental.[\/vc_column_text][\/vc_column][\/vc_row]\n","protected":false},"excerpt":{"rendered":"<p>[vc_row type=&#8221;in_container&#8221; full_screen_row_position=&#8221;middle&#8221; column_margin=&#8221;default&#8221; column_direction=&#8221;default&#8221; column_direction_tablet=&#8221;default&#8221; column_direction_phone=&#8221;default&#8221; scene_position=&#8221;center&#8221; top_padding=&#8221;30&#8243; text_color=&#8221;dark&#8221; text_align=&#8221;left&#8221; row_border_radius=&#8221;none&#8221; row_border_radius_applies=&#8221;bg&#8221; overlay_strength=&#8221;0.3&#8243; gradient_direction=&#8221;left_to_right&#8221;&#8230;<\/p>\n","protected":false},"author":2,"featured_media":8480,"comment_status":"closed","ping_status":"open","sticky":false,"template":"","format":"standard","meta":{"kt_blocks_editor_width":""},"categories":[26,32],"tags":[],"yoast_head":"<!-- This site is optimized with the Yoast SEO plugin v15.2.1 - https:\/\/yoast.com\/wordpress\/plugins\/seo\/ -->\n<title>Costa do Marfim - Inaugura\u00e7\u00e3o de Novo Centro de Inspe\u00e7\u00e3o Autom\u00f3vel - Ediprinter<\/title>\n<meta name=\"description\" content=\"Respondendo ao desafio da informatiza\u00e7\u00e3o dos centros de Inspe\u00e7\u00e3o T\u00e9cnica a Ve\u00edculos do nosso parceiro SNCT em Luxemburgo, a Ediprinter implementou o EDIGCIA, nos Centros CTI em Sandweiler, Esch-sur Alzette, Marnach, Livange e Bissen, nas linhas CTE onde operam e CTR.Como objetivo, t\u00ednhamos a implementa\u00e7\u00e3o do sistema para que correspondesse \u00e0s necessidades deste grupo para otimiza\u00e7\u00e3o de processos, tempos e qualidade de servi\u00e7o prestado.Esta implementa\u00e7\u00e3o teve in\u00edcio em Mar\u00e7o e com um balan\u00e7o muito positivo.Continuamos a trabalhar lado a lado com a exig\u00eancia e a partilha de conhecimento e tecnologia. E \u00e9 sempre mais estimulante quando o fazemos com parceiros exigentes.\" \/>\n<meta name=\"robots\" content=\"index, follow, max-snippet:-1, max-image-preview:large, max-video-preview:-1\" \/>\n<link rel=\"canonical\" href=\"https:\/\/ediprinter.pt\/costa-do-marfim-inauguracao-de-novo-centro-de-inspecao-automovel\/\" \/>\n<meta property=\"og:locale\" content=\"pt_PT\" \/>\n<meta property=\"og:type\" content=\"article\" \/>\n<meta property=\"og:title\" content=\"Costa do Marfim - Inaugura\u00e7\u00e3o de Novo Centro de Inspe\u00e7\u00e3o Autom\u00f3vel\" \/>\n<meta property=\"og:description\" content=\"A empresa RECTA-CI abriu um Centro de Inspe\u00e7\u00e3o, o primeiro de v\u00e1rios previstos sob uma estrat\u00e9gia de crescimento e de abrang\u00eancia\u00a0a todo o pa\u00eds.O EDIGCIA foi o software escolhido e vai seguramente proporcionar \u00e0 Recta-CI um desempenho de alta performance e de diferencia\u00e7\u00e3o no sector.Atrav\u00e9s da parceria com a CAS Equipement, a Ediprinter consolida a sua internacionaliza\u00e7\u00e3o, marcando presen\u00e7a com import\u00e2ncia geoestrat\u00e9gica na \u00c1frica Ocidental.\" \/>\n<meta property=\"og:url\" content=\"https:\/\/ediprinter.pt\/costa-do-marfim-inauguracao-de-novo-centro-de-inspecao-automovel\/\" \/>\n<meta property=\"og:site_name\" content=\"Ediprinter\" \/>\n<meta property=\"article:publisher\" content=\"https:\/\/www.facebook.com\/ediprinter\/\" \/>\n<meta property=\"article:published_time\" content=\"2024-09-06T14:55:45+00:00\" \/>\n<meta property=\"article:modified_time\" content=\"2024-09-06T14:57:13+00:00\" \/>\n<meta property=\"og:image\" content=\"https:\/\/ediprinter.pt\/wp-content\/uploads\/2024\/09\/Noticia.jpg\" \/>\n\t<meta property=\"og:image:width\" content=\"1441\" \/>\n\t<meta property=\"og:image:height\" content=\"1080\" \/>\n<meta name=\"twitter:card\" content=\"summary_large_image\" \/>\n<meta name=\"twitter:image\" content=\"https:\/\/ediprinter.pt\/wp-content\/uploads\/2024\/08\/SNCT-EDIPRINTER-Visite-Sandweiler-2024.07.021-1.png\" \/>\n<meta name=\"twitter:label1\" content=\"Written by\">\n\t<meta name=\"twitter:data1\" content=\"Ediprinter\">\n\t<meta name=\"twitter:label2\" content=\"Est. reading time\">\n\t<meta name=\"twitter:data2\" content=\"1 minuto\">\n<script type=\"application\/ld+json\" class=\"yoast-schema-graph\">{\"@context\":\"https:\/\/schema.org\",\"@graph\":[{\"@type\":\"Organization\",\"@id\":\"https:\/\/ediprinter.pt\/#organization\",\"name\":\"Ediprinter - Software Development\",\"url\":\"https:\/\/ediprinter.pt\/\",\"sameAs\":[\"https:\/\/www.facebook.com\/ediprinter\/\",\"https:\/\/www.youtube.com\/channel\/UCF9Ob9_tT_O_DCHwo6dMgqQ\"],\"logo\":{\"@type\":\"ImageObject\",\"@id\":\"https:\/\/ediprinter.pt\/#logo\",\"inLanguage\":\"pt-PT\",\"url\":\"https:\/\/ediprinter.pt\/wp-content\/uploads\/2018\/02\/ediprinter_pb.svg\",\"caption\":\"Ediprinter - Software Development\"},\"image\":{\"@id\":\"https:\/\/ediprinter.pt\/#logo\"}},{\"@type\":\"WebSite\",\"@id\":\"https:\/\/ediprinter.pt\/#website\",\"url\":\"https:\/\/ediprinter.pt\/\",\"name\":\"Ediprinter\",\"description\":\"Software Development\",\"publisher\":{\"@id\":\"https:\/\/ediprinter.pt\/#organization\"},\"potentialAction\":[{\"@type\":\"SearchAction\",\"target\":\"https:\/\/ediprinter.pt\/?s={search_term_string}\",\"query-input\":\"required name=search_term_string\"}],\"inLanguage\":\"pt-PT\"},{\"@type\":\"ImageObject\",\"@id\":\"https:\/\/ediprinter.pt\/costa-do-marfim-inauguracao-de-novo-centro-de-inspecao-automovel\/#primaryimage\",\"inLanguage\":\"pt-PT\",\"url\":\"https:\/\/ediprinter.pt\/wp-content\/uploads\/2024\/09\/Noticia.jpg\",\"width\":1441,\"height\":1080},{\"@type\":\"WebPage\",\"@id\":\"https:\/\/ediprinter.pt\/costa-do-marfim-inauguracao-de-novo-centro-de-inspecao-automovel\/#webpage\",\"url\":\"https:\/\/ediprinter.pt\/costa-do-marfim-inauguracao-de-novo-centro-de-inspecao-automovel\/\",\"name\":\"Costa do Marfim - Inaugura\\u00e7\\u00e3o de Novo Centro de Inspe\\u00e7\\u00e3o Autom\\u00f3vel - Ediprinter\",\"isPartOf\":{\"@id\":\"https:\/\/ediprinter.pt\/#website\"},\"primaryImageOfPage\":{\"@id\":\"https:\/\/ediprinter.pt\/costa-do-marfim-inauguracao-de-novo-centro-de-inspecao-automovel\/#primaryimage\"},\"datePublished\":\"2024-09-06T14:55:45+00:00\",\"dateModified\":\"2024-09-06T14:57:13+00:00\",\"description\":\"Respondendo ao desafio da informatiza\\u00e7\\u00e3o dos centros de Inspe\\u00e7\\u00e3o T\\u00e9cnica a Ve\\u00edculos do nosso parceiro SNCT em Luxemburgo, a Ediprinter implementou o EDIGCIA, nos Centros CTI em Sandweiler, Esch-sur Alzette, Marnach, Livange e Bissen, nas linhas CTE onde operam e CTR.Como objetivo, t\\u00ednhamos a implementa\\u00e7\\u00e3o do sistema para que correspondesse \\u00e0s necessidades deste grupo para otimiza\\u00e7\\u00e3o de processos, tempos e qualidade de servi\\u00e7o prestado.Esta implementa\\u00e7\\u00e3o teve in\\u00edcio em Mar\\u00e7o e com um balan\\u00e7o muito positivo.Continuamos a trabalhar lado a lado com a exig\\u00eancia e a partilha de conhecimento e tecnologia. E \\u00e9 sempre mais estimulante quando o fazemos com parceiros exigentes.\",\"inLanguage\":\"pt-PT\",\"potentialAction\":[{\"@type\":\"ReadAction\",\"target\":[\"https:\/\/ediprinter.pt\/costa-do-marfim-inauguracao-de-novo-centro-de-inspecao-automovel\/\"]}]},{\"@type\":\"Article\",\"@id\":\"https:\/\/ediprinter.pt\/costa-do-marfim-inauguracao-de-novo-centro-de-inspecao-automovel\/#article\",\"isPartOf\":{\"@id\":\"https:\/\/ediprinter.pt\/costa-do-marfim-inauguracao-de-novo-centro-de-inspecao-automovel\/#webpage\"},\"author\":{\"@id\":\"https:\/\/ediprinter.pt\/#\/schema\/person\/bd1d67586fb61a5b5ce21bfdb4c35e6a\"},\"headline\":\"Costa do Marfim &#8211; Inaugura\\u00e7\\u00e3o de Novo Centro de Inspe\\u00e7\\u00e3o Autom\\u00f3vel\",\"datePublished\":\"2024-09-06T14:55:45+00:00\",\"dateModified\":\"2024-09-06T14:57:13+00:00\",\"mainEntityOfPage\":{\"@id\":\"https:\/\/ediprinter.pt\/costa-do-marfim-inauguracao-de-novo-centro-de-inspecao-automovel\/#webpage\"},\"publisher\":{\"@id\":\"https:\/\/ediprinter.pt\/#organization\"},\"image\":{\"@id\":\"https:\/\/ediprinter.pt\/costa-do-marfim-inauguracao-de-novo-centro-de-inspecao-automovel\/#primaryimage\"},\"articleSection\":\"Destaques,Not\\u00edcias\",\"inLanguage\":\"pt-PT\"},{\"@type\":\"Person\",\"@id\":\"https:\/\/ediprinter.pt\/#\/schema\/person\/bd1d67586fb61a5b5ce21bfdb4c35e6a\",\"name\":\"Ediprinter\",\"image\":{\"@type\":\"ImageObject\",\"@id\":\"https:\/\/ediprinter.pt\/#personlogo\",\"inLanguage\":\"pt-PT\",\"url\":\"https:\/\/secure.gravatar.com\/avatar\/83d9fff195185d64bda194f080b0c214?s=96&d=mm&r=g\",\"caption\":\"Ediprinter\"}}]}<\/script>\n<!-- \/ Yoast SEO plugin. -->","_links":{"self":[{"href":"https:\/\/ediprinter.pt\/api\/wp\/v2\/posts\/8479"}],"collection":[{"href":"https:\/\/ediprinter.pt\/api\/wp\/v2\/posts"}],"about":[{"href":"https:\/\/ediprinter.pt\/api\/wp\/v2\/types\/post"}],"author":[{"embeddable":true,"href":"https:\/\/ediprinter.pt\/api\/wp\/v2\/users\/2"}],"replies":[{"embeddable":true,"href":"https:\/\/ediprinter.pt\/api\/wp\/v2\/comments?post=8479"}],"version-history":[{"count":2,"href":"https:\/\/ediprinter.pt\/api\/wp\/v2\/posts\/8479\/revisions"}],"predecessor-version":[{"id":8482,"href":"https:\/\/ediprinter.pt\/api\/wp\/v2\/posts\/8479\/revisions\/8482"}],"wp:featuredmedia":[{"embeddable":true,"href":"https:\/\/ediprinter.pt\/api\/wp\/v2\/media\/8480"}],"wp:attachment":[{"href":"https:\/\/ediprinter.pt\/api\/wp\/v2\/media?parent=8479"}],"wp:term":[{"taxonomy":"category","embeddable":true,"href":"https:\/\/ediprinter.pt\/api\/wp\/v2\/categories?post=8479"},{"taxonomy":"post_tag","embeddable":true,"href":"https:\/\/ediprinter.pt\/api\/wp\/v2\/tags?post=8479"}],"curies":[{"name":"wp","href":"https:\/\/api.w.org\/{rel}","templated":true}]}}